{"id":226,"date":"2006-05-14T11:51:54","date_gmt":"2006-05-14T11:51:54","guid":{"rendered":"http:\/\/rt.boullier.fr\/?p=226"},"modified":"2006-05-14T11:51:54","modified_gmt":"2006-05-14T11:51:54","slug":"art226","status":"publish","type":"post","link":"https:\/\/archives.rencontrestsiganes.org\/index.php\/2006\/05\/14\/art226\/","title":{"rendered":"Une exposition sur les Roms"},"content":{"rendered":"<p>Paris, le 9 mai 2006<\/p>\n<p>INVITATION PRESSE<\/p>\n<p>La Ligue des droits de l&rsquo;Homme, M\u00e9decins du Monde et<br \/>\nSolidarit\u00e9 La\u00efque pr\u00e9sentent l&rsquo;exposition<br \/>\n\u00ab Opre Roma ! \u00bb Demain le monde&#8230;nos concitoyens Rroms<br \/>\nphotographies de David Delaporte<\/p>\n<p>Dans le cadre de \u00ab Demain le monde&#8230; les migrations pour vivre ensemble \u00bb, campagne nationale d&rsquo;\u00e9ducation au d\u00e9veloppement et \u00e0 la solidarit\u00e9 internationale, la Ligue des droits de l&rsquo;Homme, M\u00e9decins du Monde et Solidarit\u00e9 La\u00efque pr\u00e9sentent une exposition p\u00e9dagogique, qui retrace un itin\u00e9raire migratoire sp\u00e9cifique, celui auquel sont contraints quelques milliers de Rroms. L&rsquo;exposition \u00ab Opre Roma ! Demain le monde&#8230; nos concitoyens les Rroms \u00bb accompagn\u00e9e de son livret p\u00e9dagogique s&rsquo;adresse principalement \u00e0 un public scolaire lyc\u00e9en et sera diffus\u00e9e dans toute la France.<\/p>\n<p>Coordonn\u00e9e par Solidarit\u00e9 La\u00efque, la campagne \u00ab Demain le monde&#8230; \u00bb rassemble 35 organisations dont l&rsquo;objectif est de lutter, via l&rsquo;utilisation des processus \u00e9ducatifs, contre les pr\u00e9jug\u00e9s et favoriser la reconnaissance des migrants comme citoyens et op\u00e9rateurs \u00e0 part enti\u00e8re des processus de d\u00e9veloppement des pays du Sud.<br \/>\nCette exposition met en avant la situation des Rroms en Europe, l&rsquo;accueil r\u00e9serv\u00e9 aux Rroms roumains en France et la situation qui les attend lorsqu&rsquo;ils sont renvoy\u00e9s en Roumanie.<br \/>\nLa Roumanie a \u00e9t\u00e9 choisie pour illustrer le th\u00e8me des migrations internationales car elle est le pays d&rsquo;Europe o\u00f9 les Rroms sont les plus nombreux ainsi que le pays d&rsquo;origine de la grande majorit\u00e9 des migrants qui cherchent \u00e0 s&rsquo;installer en France.<\/p>\n<p>L&rsquo;exposition est compos\u00e9e de 16 panneaux couleurs au format poster 60&#215;80, accompagn\u00e9e d&rsquo;un livret de 36 pages, le tout illustr\u00e9 par les photos de David Delaporte.<br \/>\nElle sera pr\u00e9sent\u00e9e en avant premi\u00e8re au public \u00e0 la Maison de l&rsquo;Europe les 23 et 24 mai, de 14h \u00e0 17h.<\/p>\n<p>Catherine Lalumi\u00e8re, Pr\u00e9sidente de la Maison de l&rsquo;Europe,<br \/>\nJean Pierre Dubois, Pr\u00e9sident de la Ligue des droits de l&rsquo;Homme,<br \/>\nLe Docteur Fran\u00e7oise Jeanson, Pr\u00e9sidente de M\u00e9decins du Monde,<br \/>\net Jean Gasol, Pr\u00e9sident de Solidarit\u00e9 La\u00efque<\/p>\n<p>ont le plaisir de vous inviter \u00e0 une conf\u00e9rence de presse<br \/>\nsuivie du vernissage de l&rsquo;exposition et d&rsquo;un cocktail :<\/p>\n<p>le mardi 23 mai \u00e0 11h<br \/>\n\u00e0 la Maison de l&rsquo;Europe &#8211; 35 rue Francs Bourgeois 75004 Paris<\/p>\n<p>Programme<\/p>\n<p>11h : conf\u00e9rence de presse avec les interventions de Roland Biache (Solidarit\u00e9 La\u00efque), Mich\u00e8le M\u00e9zard (MdM) et Malik Salemkour (LDH)<br \/>\n12h : vernissage de l&rsquo;exposition et cocktail en pr\u00e9sence de David Delaporte<\/p>\n<p>Contacts presse<\/p>\n<p>La Ligue des droits de l&rsquo;Homme : Virginie Peron &#8211; Tel : 01 56 55 51 07 communication@ldh-france.org<\/p>\n<p>M\u00e9decins du Monde : Annabelle Quenet &#8211; Tel :01 44 92 14 32 annabelle.quenet@medecinsdumonde.net<\/p>\n<p>Solidarit\u00e9 La\u00efque : Patrice B\u00e9douret &#8211; Tel : 01 45 35 01 85 pbedouret@solidarite-laique.asso.fr<\/p>\n","protected":false},"excerpt":{"rendered":"<p>A l&rsquo;initiative de  la LDH, M\u00e9decins du Monde et Solidarit\u00e9 La\u00efque, une exposition sur les Rroms intitul\u00e9e : \u00ab\u00a0Demain le Monde&#8230; nos concitoyens Rroms\u00a0\u00bb est inaugur\u00e9e \u00e0 Paris \u00e0 la maison de l&rsquo;Europe <\/p>\n","protected":false},"author":1,"featured_media":0,"comment_status":"closed","ping_status":"closed","sticky":false,"template":"","format":"standard","meta":{"footnotes":""},"categories":[10,18],"tags":[],"class_list":["post-226","post","type-post","status-publish","format-standard","hentry","category-festivals-et-manifestations","category-migrants-roms"],"_links":{"self":[{"href":"https:\/\/archives.rencontrestsiganes.org\/index.php\/wp-json\/wp\/v2\/posts\/226","targetHints":{"allow":["GET"]}}],"collection":[{"href":"https:\/\/archives.rencontrestsiganes.org\/index.php\/wp-json\/wp\/v2\/posts"}],"about":[{"href":"https:\/\/archives.rencontrestsiganes.org\/index.php\/wp-json\/wp\/v2\/types\/post"}],"author":[{"embeddable":true,"href":"https:\/\/archives.rencontrestsiganes.org\/index.php\/wp-json\/wp\/v2\/users\/1"}],"replies":[{"embeddable":true,"href":"https:\/\/archives.rencontrestsiganes.org\/index.php\/wp-json\/wp\/v2\/comments?post=226"}],"version-history":[{"count":0,"href":"https:\/\/archives.rencontrestsiganes.org\/index.php\/wp-json\/wp\/v2\/posts\/226\/revisions"}],"wp:attachment":[{"href":"https:\/\/archives.rencontrestsiganes.org\/index.php\/wp-json\/wp\/v2\/media?parent=226"}],"wp:term":[{"taxonomy":"category","embeddable":true,"href":"https:\/\/archives.rencontrestsiganes.org\/index.php\/wp-json\/wp\/v2\/categories?post=226"},{"taxonomy":"post_tag","embeddable":true,"href":"https:\/\/archives.rencontrestsiganes.org\/index.php\/wp-json\/wp\/v2\/tags?post=226"}],"curies":[{"name":"wp","href":"https:\/\/api.w.org\/{rel}","templated":true}]}}