{"id":217,"date":"2006-04-30T17:01:28","date_gmt":"2006-04-30T17:01:28","guid":{"rendered":"http:\/\/rt.boullier.fr\/?p=217"},"modified":"2006-04-30T17:01:28","modified_gmt":"2006-04-30T17:01:28","slug":"art217","status":"publish","type":"post","link":"https:\/\/archives.rencontrestsiganes.org\/index.php\/2006\/04\/30\/art217\/","title":{"rendered":"Le droit \u00e0 la mobilit\u00e9 : une grande hypocrisie"},"content":{"rendered":"<p>L\u2019article que l\u2019on pourra lire ci-joint fait appara\u00eetre la tr\u00e8s grande hypocrisie de la soci\u00e9t\u00e9 fran\u00e7aise vis-\u00e0-vis d\u2019une \u00ab\u00a0minorit\u00e9 culturelle \u00a0\u00bb que l\u2019on refuse de reconna\u00eetre comme telle. Cette particularit\u00e9 fran\u00e7aise pourra-t-elle encore longtemps se justifier. Quelles propositions mettre en avant avec l\u2019appui des instances europ\u00e9ennes ? Il est urgent d\u2019ouvrir le d\u00e9bat.<\/p>\n","protected":false},"excerpt":{"rendered":"<p>L&rsquo;article que l&rsquo;on pourra lire ci-joint fait appara\u00eetre la tr\u00e8s grande hypocrisie de la soci\u00e9t\u00e9  fran\u00e7aise  vis-\u00e0-vis d&rsquo;une \u00ab\u00a0minorit\u00e9 culturelle \u00a0\u00bb que l&rsquo;on refuse de reconna\u00eetre comme telle . Cette particularit\u00e9 fran\u00e7aise pourra-t-elle encore longtemps se justifier. Quelles propositions mettre en avant avec l&rsquo;appui des instances europ\u00e9ennes ?  Il est urgent d&rsquo;ouvrir le d\u00e9bat.       <\/p>\n","protected":false},"author":1,"featured_media":0,"comment_status":"closed","ping_status":"closed","sticky":false,"template":"","format":"standard","meta":{"footnotes":""},"categories":[8],"tags":[],"class_list":["post-217","post","type-post","status-publish","format-standard","hentry","category-discriminations-racisme"],"_links":{"self":[{"href":"https:\/\/archives.rencontrestsiganes.org\/index.php\/wp-json\/wp\/v2\/posts\/217","targetHints":{"allow":["GET"]}}],"collection":[{"href":"https:\/\/archives.rencontrestsiganes.org\/index.php\/wp-json\/wp\/v2\/posts"}],"about":[{"href":"https:\/\/archives.rencontrestsiganes.org\/index.php\/wp-json\/wp\/v2\/types\/post"}],"author":[{"embeddable":true,"href":"https:\/\/archives.rencontrestsiganes.org\/index.php\/wp-json\/wp\/v2\/users\/1"}],"replies":[{"embeddable":true,"href":"https:\/\/archives.rencontrestsiganes.org\/index.php\/wp-json\/wp\/v2\/comments?post=217"}],"version-history":[{"count":0,"href":"https:\/\/archives.rencontrestsiganes.org\/index.php\/wp-json\/wp\/v2\/posts\/217\/revisions"}],"wp:attachment":[{"href":"https:\/\/archives.rencontrestsiganes.org\/index.php\/wp-json\/wp\/v2\/media?parent=217"}],"wp:term":[{"taxonomy":"category","embeddable":true,"href":"https:\/\/archives.rencontrestsiganes.org\/index.php\/wp-json\/wp\/v2\/categories?post=217"},{"taxonomy":"post_tag","embeddable":true,"href":"https:\/\/archives.rencontrestsiganes.org\/index.php\/wp-json\/wp\/v2\/tags?post=217"}],"curies":[{"name":"wp","href":"https:\/\/api.w.org\/{rel}","templated":true}]}}