{"id":211,"date":"2006-04-14T08:44:05","date_gmt":"2006-04-14T08:44:05","guid":{"rendered":"http:\/\/rt.boullier.fr\/?p=211"},"modified":"2006-04-14T08:44:05","modified_gmt":"2006-04-14T08:44:05","slug":"art211","status":"publish","type":"post","link":"https:\/\/archives.rencontrestsiganes.org\/index.php\/2006\/04\/14\/art211\/","title":{"rendered":"Toujours le Var"},"content":{"rendered":"<p>A CUERS, c&rsquo;est une famille d&rsquo;une trentaine de personnes, install\u00e9e sur la commune depuis 10 ans qui est sous la menace d&rsquo;une expulsion de son terrain, apr\u00e8s une d\u00e9cision du tribunal administratif.<\/p>\n<p>A LA GARDE, le propri\u00e9taire de son terrain se voit interdire l&rsquo;acc\u00e8s et menacer l\u00e0 encore par le tribunal .<\/p>\n<p>A OLLIOULE, une famille qui vient de s&rsquo;arr\u00eater sur un parking est violemment interpell\u00e9e par une automobiliste de passage qui les accuse de polluer. Quelques minutes apr\u00e8s son d\u00e9part, plusieurs voitures de police arrivent en trombe. Les accusations et les insultes jaillissent et deux personnes sont embarqu\u00e9es en garde \u00e0 vue pour 24 h. Une plainte est d\u00e9pos\u00e9e par les policiers pour outrage et r\u00e9bellion : un classique du genre ! Les jours suivants le harcellement et les menaces des policiers se poursuivent&#8230;<\/p>\n<p>Ces \u00e9v\u00e8nnements, parmi d&rsquo;autres, montrent une fois de plus l&rsquo;urgence d&rsquo;une r\u00e9ponse collective \u00e0 ces situations inadmissibles.<\/p>\n<p>A noter la position courageuse de la Conf\u00e9d\u00e9ration Paysanne du VAR dans son \u00e9ditorial.<\/p>\n","protected":false},"excerpt":{"rendered":"<p>A CUERS, c&rsquo;est une famille d&rsquo;une trentaine de personnes, install\u00e9e sur la commune depuis 10 ans qui est sous la menace d&rsquo;une expulsion de son terrain, apr\u00e8s une d\u00e9cision du tribunal administratif. A LA GARDE, le propri\u00e9taire de son terrain se voit interdire l&rsquo;acc\u00e8s et menacer l\u00e0 encore par le tribunal . A OLLIOULE, une [&hellip;]<\/p>\n","protected":false},"author":1,"featured_media":0,"comment_status":"closed","ping_status":"closed","sticky":false,"template":"","format":"standard","meta":{"footnotes":""},"categories":[8],"tags":[],"class_list":["post-211","post","type-post","status-publish","format-standard","hentry","category-discriminations-racisme"],"_links":{"self":[{"href":"https:\/\/archives.rencontrestsiganes.org\/index.php\/wp-json\/wp\/v2\/posts\/211","targetHints":{"allow":["GET"]}}],"collection":[{"href":"https:\/\/archives.rencontrestsiganes.org\/index.php\/wp-json\/wp\/v2\/posts"}],"about":[{"href":"https:\/\/archives.rencontrestsiganes.org\/index.php\/wp-json\/wp\/v2\/types\/post"}],"author":[{"embeddable":true,"href":"https:\/\/archives.rencontrestsiganes.org\/index.php\/wp-json\/wp\/v2\/users\/1"}],"replies":[{"embeddable":true,"href":"https:\/\/archives.rencontrestsiganes.org\/index.php\/wp-json\/wp\/v2\/comments?post=211"}],"version-history":[{"count":0,"href":"https:\/\/archives.rencontrestsiganes.org\/index.php\/wp-json\/wp\/v2\/posts\/211\/revisions"}],"wp:attachment":[{"href":"https:\/\/archives.rencontrestsiganes.org\/index.php\/wp-json\/wp\/v2\/media?parent=211"}],"wp:term":[{"taxonomy":"category","embeddable":true,"href":"https:\/\/archives.rencontrestsiganes.org\/index.php\/wp-json\/wp\/v2\/categories?post=211"},{"taxonomy":"post_tag","embeddable":true,"href":"https:\/\/archives.rencontrestsiganes.org\/index.php\/wp-json\/wp\/v2\/tags?post=211"}],"curies":[{"name":"wp","href":"https:\/\/api.w.org\/{rel}","templated":true}]}}