{"id":194,"date":"2006-03-13T11:33:23","date_gmt":"2006-03-13T11:33:23","guid":{"rendered":"http:\/\/rt.boullier.fr\/?p=194"},"modified":"2006-03-13T11:33:23","modified_gmt":"2006-03-13T11:33:23","slug":"art194","status":"publish","type":"post","link":"https:\/\/archives.rencontrestsiganes.org\/index.php\/2006\/03\/13\/art194\/","title":{"rendered":"Quelques  bonnes nouvelles"},"content":{"rendered":"<p>\nEn voici quelques exemples <\/p>\n<p>{{A Marignane la famille Buche Sarg\u00e9ro ne sera pas expuls\u00e9e le 15 mars }} <\/p>\n<p>Gr\u00e2ce \u00e0 la mobilisation collective, le Sous pr\u00e9fet d&rsquo;Istres \u00e0 en effet suspendu l&rsquo;expulsion de cette famille. Ce n&rsquo;est qu&rsquo;une \u00e9tape  et des d\u00e9marches se poursuivent pour obtenir des conditions d&rsquo;habitat digne pour cette famille. De nombreux habitants de cette ville se sont mobilis\u00e9s et engag\u00e9s \u00e0 t\u00e9moigner en faveur de cette famille. <\/p>\n<p>{{A PERTUIS Un an apr\u00e8s les expulsions des familles}} s\u00e9dentaris\u00e9es et l&rsquo;annulation de l&rsquo;arr\u00eat\u00e9 municipal, un dialogue a enfin pu s&rsquo;ouvrir avec la municipalit\u00e9  afin de trouver des solutions concr\u00e8tes et r\u00e9alistes  pour les   nombreuses familles install\u00e9es dans cette commune. En particulier EDF a finalement branch\u00e9 tous les demandeurs.          <\/p>\n<p>{{EDF: droit \u00e0 l&rsquo;\u00e9lectricit\u00e9}} <\/p>\n<p>Apr\u00e8s de multiples d\u00e9marches et beaucoup d&rsquo;obstination, nous avons enfin pu trouver un interlocuteur aupr\u00e8s de la direction r\u00e9gionale EDF. La n\u00e9gociation s&rsquo;amorce  et une premi\u00e8re rencontre pour \u00e9changer nos points de vue est fix\u00e9e \u00e0 Avignon<\/p>\n<p>{{Dans le VAR la mobilisation collective se d\u00e9veloppe <\/p>\n<p>   }}<br \/>\nLe 8 mars dernier \u00e0 Toulon \u00e0 l&rsquo;initiative de rencontres Tsiganes avec l&rsquo;appui de la LDH et du Secours Catholique, une rencontre a rassembl\u00e9 pr\u00e8s de quarante personnes dont plus d&rsquo;une dizaine  de tsiganes voyageurs ou s\u00e9dentaires,et un conseiller g\u00e9n\u00e9ral. La discussion a \u00e9t\u00e9 tr\u00e8s riche. Plusieurs projets d&rsquo;action ont \u00e9t\u00e9 avanc\u00e9s. Cette rencontre fera l&rsquo;objet d&rsquo;un prochain compte-rendu <\/p>\n<p>{{ {{Une subvention du Conseil r\u00e9gional  }} }}<br \/>\na \u00e9t\u00e9 accord\u00e9e \u00e0 notre association pour lui permettre un fonctionnement satisfaisant. Par ailleurs une rencontre \u00e0 eu lieu avec madame BRASSART \u00e9lue en charge du logement afin de d\u00e9finir les axes d&rsquo;intervention de la R\u00e9gion en faveur des tsiganes et gens du voyage.<\/p>\n<p>Bravo \u00e0 tous ceux qui se battent sur le terrain pour plus de justice . Venez nous rejoindre pour \u00eatre encore plus efficace. On esp\u00e8re ainsi pouvoir alimenter et d\u00e9velopper cette \u00ab\u00a0positive  rubrique\u00a0\u00bb r\u00e9guli\u00e8rement.      <\/p>\n","protected":false},"excerpt":{"rendered":"<p>Lorsque parfois nos mobilisations collectives pour la reconnaissance et le respect du droit des Tsiganes donnent quelques r\u00e9sultats  c&rsquo;est assez rare pour que l&rsquo;on n&rsquo;h\u00e9site  pas \u00e0 s&rsquo;en  r\u00e9jouir et \u00e0 le faire savoir:<\/p>\n","protected":false},"author":1,"featured_media":0,"comment_status":"opened","ping_status":"opened","sticky":false,"template":"","format":"standard","meta":{"footnotes":""},"categories":[27],"tags":[],"class_list":["post-194","post","type-post","status-publish","format-standard","hentry","category-rub35"],"_links":{"self":[{"href":"https:\/\/archives.rencontrestsiganes.org\/index.php\/wp-json\/wp\/v2\/posts\/194","targetHints":{"allow":["GET"]}}],"collection":[{"href":"https:\/\/archives.rencontrestsiganes.org\/index.php\/wp-json\/wp\/v2\/posts"}],"about":[{"href":"https:\/\/archives.rencontrestsiganes.org\/index.php\/wp-json\/wp\/v2\/types\/post"}],"author":[{"embeddable":true,"href":"https:\/\/archives.rencontrestsiganes.org\/index.php\/wp-json\/wp\/v2\/users\/1"}],"replies":[{"embeddable":true,"href":"https:\/\/archives.rencontrestsiganes.org\/index.php\/wp-json\/wp\/v2\/comments?post=194"}],"version-history":[{"count":0,"href":"https:\/\/archives.rencontrestsiganes.org\/index.php\/wp-json\/wp\/v2\/posts\/194\/revisions"}],"wp:attachment":[{"href":"https:\/\/archives.rencontrestsiganes.org\/index.php\/wp-json\/wp\/v2\/media?parent=194"}],"wp:term":[{"taxonomy":"category","embeddable":true,"href":"https:\/\/archives.rencontrestsiganes.org\/index.php\/wp-json\/wp\/v2\/categories?post=194"},{"taxonomy":"post_tag","embeddable":true,"href":"https:\/\/archives.rencontrestsiganes.org\/index.php\/wp-json\/wp\/v2\/tags?post=194"}],"curies":[{"name":"wp","href":"https:\/\/api.w.org\/{rel}","templated":true}]}}