{"id":145,"date":"2005-11-29T16:00:48","date_gmt":"2005-11-29T16:00:48","guid":{"rendered":"http:\/\/rt.boullier.fr\/?p=145"},"modified":"2005-11-29T16:00:48","modified_gmt":"2005-11-29T16:00:48","slug":"art145","status":"publish","type":"post","link":"https:\/\/archives.rencontrestsiganes.org\/index.php\/2005\/11\/29\/art145\/","title":{"rendered":"Un rapport de l&rsquo;Union Europ\u00e9eenne sur le racisme en France envers les Gitans"},"content":{"rendered":"<p>{1{Les Gitans, premi\u00e8res victimes du racisme dans l&rsquo;Europe \u00e9largie}1}<\/p>\n<p>REUTERS | 23.11.05 | 15:41<\/p>\n<p>par Paul Taylor<br \/>\nBRUXELLES (Reuters) &#8211; Les Gitans sont les premi\u00e8res victimes des discriminations dans l&rsquo;Europe \u00e9largie, indique un rapport de l&rsquo;Union europ\u00e9enne.<br \/>\nR\u00e9dig\u00e9 avant les \u00e9meutes qui ont agit\u00e9 les banlieues fran\u00e7aises, le rapport annuel de l&rsquo;Observatoire europ\u00e9en du racisme et de la x\u00e9nophobie regrette par ailleurs que la France ne tienne pas compte de l&rsquo;appartenance ethnique ou raciale, ni des origines ou de la religion de ses citoyens.<br \/>\nDe telles donn\u00e9es sont essentielles pour identifier les discriminations et les moyens \u00e0 mettre en oeuvre pour y faire face, mais \u00e9galement pour mesurer l&rsquo;efficacit\u00e9 de ces moyens, souligne l&rsquo;organisme \u00e9tabli \u00e0 Vienne.<br \/>\nPlus largement, le d\u00e9coupage ethnique de l&rsquo;Union a chang\u00e9 avec l&rsquo;\u00e9largissement de mai 2004, note l&rsquo;Observatoire. Si l&rsquo;Europe de l&rsquo;Ouest poss\u00e8de une importante minorit\u00e9 issue de l&rsquo;immigration, l&rsquo;Est ne pr\u00e9sente pas la m\u00eame diversit\u00e9.<br \/>\nLes nouveaux Etats membres, tels que la R\u00e9publique tch\u00e8que, la Hongrie ou la Slovaquie, abritent en revanche d&rsquo;importantes communaut\u00e9s roms.<br \/>\n\u00ab\u00a0C&rsquo;est la raison pour laquelle tellement de rapports sur les dix nouveaux Etats membres se concentrent en priorit\u00e9 ou exclusivement sur les sujets li\u00e9s aux Roms. Lorsqu&rsquo;on \u00e9voque le racisme et la discrimination dans les nouveaux Etats membres, il s&rsquo;agit souvent de l&rsquo;unique groupe pour lequel il existe des faits significatifs\u00a0\u00bb, souligne l&rsquo;Observatoire.<br \/>\n\u00ab\u00a0HISTOIRES SINGULI\u00c8RES\u00a0\u00bb<br \/>\n\u00ab\u00a0Les histoires singuli\u00e8res et les caract\u00e9ristiques d\u00e9mographiques des nouveaux Etats membres\u00a0\u00bb se traduisent par le fait que les Roms et les populations de l&rsquo;ancienne URSS \u00ab\u00a0sont souvent les cibles de sentiments et d&rsquo;actes racistes\u00a0\u00bb, poursuit-il.<br \/>\nLe rapport ajoute que la s\u00e9gr\u00e9gation dans le logement est particuli\u00e8rement sensible pour les Gitans en R\u00e9publique tch\u00e8que, en Hongrie et en Espagne.<br \/>\nOutres les violences et les difficult\u00e9s \u00e0 se loger, les Roms sont confront\u00e9s \u00e0 des discriminations \u00e0 l&#8217;embauche et dans le syst\u00e8me scolaire. Leurs enfants sont sur-repr\u00e9sent\u00e9s dans les fili\u00e8res sp\u00e9cialis\u00e9es, poursuivent les auteurs du rapport , qui d\u00e9noncent une propension \u00e0 les consid\u00e9rer comme inadapt\u00e9s \u00e0 la scolarit\u00e9.<br \/>\nEn ce qui concerne l&rsquo;Europe de l&rsquo;Ouest, l&rsquo;Observatoire d\u00e9plore la vague de violences, dirig\u00e9e essentiellement contre la communaut\u00e9 musulmane, qui a suivi les attentats de Madrid en mars 2004 et l&rsquo;assassinat aux Pays-Bas du r\u00e9alisateur Theo van Gogh, en novembre de la m\u00eame ann\u00e9e, par un islamiste.<br \/>\nUne recrudescence des actes de racisme et d&rsquo;antis\u00e9mitisme a notamment \u00e9t\u00e9 enregistr\u00e9e en France apr\u00e8s les attentats de Madrid, qui ont fait pr\u00e8s de 200 morts. Les Pays-Bas ont \u00e9galement assist\u00e9 \u00e0 une vague de violence dirig\u00e9e contre la communaut\u00e9 musulmane, mais le rapport fait \u00e9galement \u00e9tat de menaces de mort contre des responsables politiques belges et indique que le meurtre de Theo van Gogh a suscit\u00e9 un vif d\u00e9bat sur l&rsquo;immigration et la religion en Allemagne et au Danemark<\/p>\n","protected":false},"excerpt":{"rendered":"<p>{1{Les Gitans, premi\u00e8res victimes du racisme dans l&rsquo;Europe \u00e9largie}1} REUTERS | 23.11.05 | 15:41 par Paul Taylor BRUXELLES (Reuters) &#8211; Les Gitans sont les premi\u00e8res victimes des discriminations dans l&rsquo;Europe \u00e9largie, indique un rapport de l&rsquo;Union europ\u00e9enne. R\u00e9dig\u00e9 avant les \u00e9meutes qui ont agit\u00e9 les banlieues fran\u00e7aises, le rapport annuel de l&rsquo;Observatoire europ\u00e9en du racisme [&hellip;]<\/p>\n","protected":false},"author":1,"featured_media":0,"comment_status":"closed","ping_status":"closed","sticky":false,"template":"","format":"standard","meta":{"footnotes":""},"categories":[7,8],"tags":[58,90],"class_list":["post-145","post","type-post","status-publish","format-standard","hentry","category-diaspora","category-discriminations-racisme","tag-europe","tag-rapports"],"_links":{"self":[{"href":"https:\/\/archives.rencontrestsiganes.org\/index.php\/wp-json\/wp\/v2\/posts\/145","targetHints":{"allow":["GET"]}}],"collection":[{"href":"https:\/\/archives.rencontrestsiganes.org\/index.php\/wp-json\/wp\/v2\/posts"}],"about":[{"href":"https:\/\/archives.rencontrestsiganes.org\/index.php\/wp-json\/wp\/v2\/types\/post"}],"author":[{"embeddable":true,"href":"https:\/\/archives.rencontrestsiganes.org\/index.php\/wp-json\/wp\/v2\/users\/1"}],"replies":[{"embeddable":true,"href":"https:\/\/archives.rencontrestsiganes.org\/index.php\/wp-json\/wp\/v2\/comments?post=145"}],"version-history":[{"count":0,"href":"https:\/\/archives.rencontrestsiganes.org\/index.php\/wp-json\/wp\/v2\/posts\/145\/revisions"}],"wp:attachment":[{"href":"https:\/\/archives.rencontrestsiganes.org\/index.php\/wp-json\/wp\/v2\/media?parent=145"}],"wp:term":[{"taxonomy":"category","embeddable":true,"href":"https:\/\/archives.rencontrestsiganes.org\/index.php\/wp-json\/wp\/v2\/categories?post=145"},{"taxonomy":"post_tag","embeddable":true,"href":"https:\/\/archives.rencontrestsiganes.org\/index.php\/wp-json\/wp\/v2\/tags?post=145"}],"curies":[{"name":"wp","href":"https:\/\/api.w.org\/{rel}","templated":true}]}}