{"id":13826,"date":"2018-07-17T14:08:51","date_gmt":"2018-07-17T12:08:51","guid":{"rendered":"https:\/\/archives.rencontrestsiganes.org\/?p=13826"},"modified":"2018-07-17T14:08:51","modified_gmt":"2018-07-17T12:08:51","slug":"esperem","status":"publish","type":"post","link":"https:\/\/archives.rencontrestsiganes.org\/index.php\/2018\/07\/17\/esperem\/","title":{"rendered":"\u00ab Esperem ! \u00bb"},"content":{"rendered":"<figure id=\"attachment_13827\" aria-describedby=\"caption-attachment-13827\" style=\"width: 477px\" class=\"wp-caption aligncenter\"><img loading=\"lazy\" decoding=\"async\" class=\" wp-image-13827\" src=\"https:\/\/archives.rencontrestsiganes.org\/wp-content\/uploads\/Esperem-300x200.jpg\" alt=\"\" width=\"477\" height=\"317\" \/><figcaption id=\"caption-attachment-13827\" class=\"wp-caption-text\">Vue sur la Cit\u00e9 de Carcassonne depuis le quartier de l&rsquo;Esp\u00e9rance<\/figcaption><\/figure>\n<p>La m\u00e9diath\u00e8que Mateo Maximoff a pr\u00e9sent\u00e9,\u00a0du 14 au 28 juin 2018, l&rsquo;exposition photographique des femmes gitanes de Berriac et de la photographe Hortense Soichet.<\/p>\n<p>Autour d\u2019Esperem ! L\u2019aventure d\u2019un atelier photographique<\/p>\n<p>Depuis plus de deux ans, la s\u00e9rie \u00ab\u00a0Esperem!\u00a0\u00bb r\u00e9alis\u00e9e avec les femmes gitanes de la cit\u00e9 de l\u2019Esp\u00e9rance \u00e0 Berriac dans l&rsquo;Aude a \u00e9t\u00e9 expos\u00e9e \u00e0 de nombreuses reprises et a donn\u00e9 lieu \u00e0 la cr\u00e9ation d\u2019une lecture mise en sc\u00e8ne par Marie-Christine Az\u00e9ma (Cie Z\u00e9 Regalia). Cette invitation \u00e0 la m\u00e9diath\u00e8que Mat\u00e9o Maximoff est l\u2019occasion de revenir sur l\u2019aventure humaine qu\u2019a permis cet atelier photographique conduit par Eric Sinatora (Le GRAPh).<\/p>\n<p>Entre d\u00e9cembre 2013 et juin 2015, Hortense Soichet, artiste photographe en r\u00e9sidence avec le Graph-CMI, a travaill\u00e9 avec quinze femmes de l\u2019atelier photographique \u00ab M\u00e9moire Gitane \u00bb cr\u00e9\u00e9 par \u00c9ric Sinatora il y a plus de 23 ans. Ensemble, elles ont arpent\u00e9 la cit\u00e9 de l\u2019Esp\u00e9rance et ont toutes r\u00e9alis\u00e9 des s\u00e9ries d\u2019images mises en commun pour donner \u00e0 voir les modes de vie des habitants de ce quartier.<br \/>\nConstruite en 1969 suite \u00e0 l\u2019incendie du bidonville de La Cavay\u00e8re o\u00f9 vivait une communaut\u00e9 de gitans, la Cit\u00e9 de l\u2019Esp\u00e9rance (Esperem en gitan catalan) est situ\u00e9e \u00e0 proximit\u00e9 d\u2019une centrale \u00e9lectrique, d\u2019une route d\u00e9partementale et d\u2019une voie ferr\u00e9e. Cette cit\u00e9 de transit pour gitans avait vocation \u00e0 accueillir les familles avant leur relogement dans diff\u00e9rents quartiers de Carcassonne. Aujourd\u2019hui, le quartier est toujours en place et compte environ 350 habitants, exclusivement des gitans s\u00e9dentaris\u00e9s, r\u00e9partis entre logements sociaux construits \u00e0 la fin des ann\u00e9es 1960 (21 logements) et constructions plus r\u00e9centes ainsi que les caravanes et Mobilhomes occup\u00e9s par les enfants et petits-enfants. Les nouvelles g\u00e9n\u00e9rations le quittent peu \u00e0 peu mais ce quartier reste un symbole de l\u2019histoire de ces gitans.<\/p>\n<p>Les femmes gitanes ont souhait\u00e9 travailler avec Hortense Soichet afin de construire ensemble un travail documentaire sur leurs modes de vie et d\u2019habiter. Davantage qu\u2019une r\u00e9sidence au sens classique, Hortense Soichet et \u00c9ric Sinatora ont envisag\u00e9 ce projet comme un terrain d\u2019exp\u00e9rimentation de la pratique de la photographie sociale dont est issu l\u2019ouvrage photographique et une exposition (Esperem. Image d\u2019un monde en soi, Paris, Cr\u00e9aphis, 2016)<\/p>\n<p>&nbsp;<\/p>\n<p>Photographies d\u2019Hortense Soichet avec Michelle Baptiste, Nathalie Baptiste, Lucie Ferrere, Mich\u00e8le Ferrere, Rachel Garcia, Manuelle Greygolles, Vanessa Greygolles, Virginie Greygolles, Ad\u00e8le Mailhe, Antoinette Maihle, JeanineMailhe, Muriel Mailhe, Raymonde Mailhe, Claudine Mailhe et Antoinette Soul\u00e8s r\u00e9alis\u00e9es dans le cadre d\u2019un atelier men\u00e9 par Eric Sinatora, le Graph-CMI<\/p>\n<p>&nbsp;<\/p>\n<p>http:\/\/www.hortensesoichet.com\/fr\/photographies-esperem\/<\/p>\n<p><iframe loading=\"lazy\" title=\"Esperem ! Le livre des femmes gitanes de Berriac.\" width=\"500\" height=\"281\" src=\"https:\/\/www.youtube.com\/embed\/32ird7Ty7Yg?feature=oembed\" frameborder=\"0\" allow=\"accelerometer; autoplay; clipboard-write; encrypted-media; gyroscope; picture-in-picture; web-share\" referrerpolicy=\"strict-origin-when-cross-origin\" allowfullscreen><\/iframe><\/p>\n","protected":false},"excerpt":{"rendered":"<p>La m\u00e9diath\u00e8que Mateo Maximoff a pr\u00e9sent\u00e9,\u00a0du 14 au 28 juin 2018, l&rsquo;exposition photographique des femmes gitanes de Berriac et de la photographe Hortense Soichet. Autour d\u2019Esperem ! L\u2019aventure d\u2019un atelier photographique Depuis plus de deux ans, la s\u00e9rie \u00ab\u00a0Esperem!\u00a0\u00bb r\u00e9alis\u00e9e avec les femmes gitanes de la cit\u00e9 de l\u2019Esp\u00e9rance \u00e0 Berriac dans l&rsquo;Aude a \u00e9t\u00e9 [&hellip;]<\/p>\n","protected":false},"author":1,"featured_media":0,"comment_status":"open","ping_status":"open","sticky":false,"template":"","format":"standard","meta":{"footnotes":""},"categories":[6,11,20,22],"tags":[],"class_list":["post-13826","post","type-post","status-publish","format-standard","hentry","category-devoir-de-memoire","category-gens-du-voyage","category-non-classe","category-ouvrages-de-reference"],"_links":{"self":[{"href":"https:\/\/archives.rencontrestsiganes.org\/index.php\/wp-json\/wp\/v2\/posts\/13826","targetHints":{"allow":["GET"]}}],"collection":[{"href":"https:\/\/archives.rencontrestsiganes.org\/index.php\/wp-json\/wp\/v2\/posts"}],"about":[{"href":"https:\/\/archives.rencontrestsiganes.org\/index.php\/wp-json\/wp\/v2\/types\/post"}],"author":[{"embeddable":true,"href":"https:\/\/archives.rencontrestsiganes.org\/index.php\/wp-json\/wp\/v2\/users\/1"}],"replies":[{"embeddable":true,"href":"https:\/\/archives.rencontrestsiganes.org\/index.php\/wp-json\/wp\/v2\/comments?post=13826"}],"version-history":[{"count":0,"href":"https:\/\/archives.rencontrestsiganes.org\/index.php\/wp-json\/wp\/v2\/posts\/13826\/revisions"}],"wp:attachment":[{"href":"https:\/\/archives.rencontrestsiganes.org\/index.php\/wp-json\/wp\/v2\/media?parent=13826"}],"wp:term":[{"taxonomy":"category","embeddable":true,"href":"https:\/\/archives.rencontrestsiganes.org\/index.php\/wp-json\/wp\/v2\/categories?post=13826"},{"taxonomy":"post_tag","embeddable":true,"href":"https:\/\/archives.rencontrestsiganes.org\/index.php\/wp-json\/wp\/v2\/tags?post=13826"}],"curies":[{"name":"wp","href":"https:\/\/api.w.org\/{rel}","templated":true}]}}