{"id":13824,"date":"2018-07-17T14:08:51","date_gmt":"2018-07-17T12:08:51","guid":{"rendered":"https:\/\/archives.rencontrestsiganes.org\/?p=13824"},"modified":"2018-07-17T14:08:51","modified_gmt":"2018-07-17T12:08:51","slug":"incendie-volontaire-dans-un-bidonville-a-grenoble","status":"publish","type":"post","link":"https:\/\/archives.rencontrestsiganes.org\/index.php\/2018\/07\/17\/incendie-volontaire-dans-un-bidonville-a-grenoble\/","title":{"rendered":"Incendie volontaire dans un bidonville \u00e0 Grenoble"},"content":{"rendered":"<p>Dans la nuit du 9 au 10 juin 2018, un groupe d&rsquo;habitants a volontairement mis le feu \u00e0 un bidonville qu&rsquo;occupaient, depuis quelques mois, des familles originaires de Roumanie. Cel\u00e0 s&rsquo;est d\u00e9roul\u00e9 dans l&rsquo;indiff\u00e9rence g\u00e9n\u00e9rale !<\/p>\n<p>On est loin du d\u00e9chainement m\u00e9diatique qu&rsquo;avait suscit\u00e9 un \u00e9v\u00e8nement similaire, \u00e0 Marseille, en septembre 2012. A l&rsquo;\u00e9poque, des \u00e9lus s&rsquo;\u00e9taient exprim\u00e9s. Certains avaient, certes, condamn\u00e9 de tels agissements mais aussit\u00f4t ajout\u00e9 qu&rsquo;ils \u00ab\u00a0comprenaient\u00a0\u00bb que l&rsquo;on puisse commettre de tels actes ! Honte \u00e0 eux !<\/p>\n<p>&nbsp;<\/p>\n<blockquote class=\"wp-embedded-content\" data-secret=\"GIangdkKr7\"><p><a href=\"https:\/\/www.romeurope.org\/incendies-grenoble-bidonville-communique\/\">Communiqu\u00e9 sur les incendies volontaires \u00e0 Grenoble<\/a><\/p><\/blockquote>\n<p><iframe loading=\"lazy\" class=\"wp-embedded-content\" sandbox=\"allow-scripts\" security=\"restricted\" style=\"position: absolute; clip: rect(1px, 1px, 1px, 1px);\" title=\"\u00ab\u00a0Communiqu\u00e9 sur les incendies volontaires \u00e0 Grenoble\u00a0\u00bb &#8212; CNDH ROMEUROPE\" src=\"https:\/\/www.romeurope.org\/incendies-grenoble-bidonville-communique\/embed\/#?secret=wf3t2CUzmy#?secret=GIangdkKr7\" data-secret=\"GIangdkKr7\" width=\"500\" height=\"282\" frameborder=\"0\" marginwidth=\"0\" marginheight=\"0\" scrolling=\"no\"><\/iframe><\/p>\n","protected":false},"excerpt":{"rendered":"<p>Dans la nuit du 9 au 10 juin 2018, un groupe d&rsquo;habitants a volontairement mis le feu \u00e0 un bidonville qu&rsquo;occupaient, depuis quelques mois, des familles originaires de Roumanie. Cel\u00e0 s&rsquo;est d\u00e9roul\u00e9 dans l&rsquo;indiff\u00e9rence g\u00e9n\u00e9rale ! On est loin du d\u00e9chainement m\u00e9diatique qu&rsquo;avait suscit\u00e9 un \u00e9v\u00e8nement similaire, \u00e0 Marseille, en septembre 2012. A l&rsquo;\u00e9poque, des [&hellip;]<\/p>\n","protected":false},"author":1,"featured_media":0,"comment_status":"open","ping_status":"open","sticky":false,"template":"","format":"standard","meta":{"footnotes":""},"categories":[8,18],"tags":[],"class_list":["post-13824","post","type-post","status-publish","format-standard","hentry","category-discriminations-racisme","category-migrants-roms"],"_links":{"self":[{"href":"https:\/\/archives.rencontrestsiganes.org\/index.php\/wp-json\/wp\/v2\/posts\/13824","targetHints":{"allow":["GET"]}}],"collection":[{"href":"https:\/\/archives.rencontrestsiganes.org\/index.php\/wp-json\/wp\/v2\/posts"}],"about":[{"href":"https:\/\/archives.rencontrestsiganes.org\/index.php\/wp-json\/wp\/v2\/types\/post"}],"author":[{"embeddable":true,"href":"https:\/\/archives.rencontrestsiganes.org\/index.php\/wp-json\/wp\/v2\/users\/1"}],"replies":[{"embeddable":true,"href":"https:\/\/archives.rencontrestsiganes.org\/index.php\/wp-json\/wp\/v2\/comments?post=13824"}],"version-history":[{"count":0,"href":"https:\/\/archives.rencontrestsiganes.org\/index.php\/wp-json\/wp\/v2\/posts\/13824\/revisions"}],"wp:attachment":[{"href":"https:\/\/archives.rencontrestsiganes.org\/index.php\/wp-json\/wp\/v2\/media?parent=13824"}],"wp:term":[{"taxonomy":"category","embeddable":true,"href":"https:\/\/archives.rencontrestsiganes.org\/index.php\/wp-json\/wp\/v2\/categories?post=13824"},{"taxonomy":"post_tag","embeddable":true,"href":"https:\/\/archives.rencontrestsiganes.org\/index.php\/wp-json\/wp\/v2\/tags?post=13824"}],"curies":[{"name":"wp","href":"https:\/\/api.w.org\/{rel}","templated":true}]}}