{"id":13814,"date":"2018-07-17T14:08:52","date_gmt":"2018-07-17T12:08:52","guid":{"rendered":"https:\/\/archives.rencontrestsiganes.org\/?p=13814"},"modified":"2018-07-17T14:08:52","modified_gmt":"2018-07-17T12:08:52","slug":"laire-daccueil-de-saint-menet-enfin-reouverte","status":"publish","type":"post","link":"https:\/\/archives.rencontrestsiganes.org\/index.php\/2018\/07\/17\/laire-daccueil-de-saint-menet-enfin-reouverte\/","title":{"rendered":"L&rsquo;aire d&rsquo;accueil de Saint-Menet enfin r\u00e9ouverte !"},"content":{"rendered":"<p><img loading=\"lazy\" decoding=\"async\" class=\" wp-image-13501 aligncenter\" src=\"https:\/\/archives.rencontrestsiganes.org\/wp-content\/uploads\/21-bis-web2-300x209.jpg\" alt=\"\" width=\"459\" height=\"320\" \/><\/p>\n<p>&nbsp;<\/p>\n<p>On n&rsquo;y croyait plus ! On se demandait quelle nouvelle raison allait \u00eatre invoqu\u00e9e pour retarder la r\u00e9ouverture de l&rsquo;aire d&rsquo;accueil ! Au bout de 14 mois, l&rsquo;aire a pu enfin accueillir, de nouveau, des voyageurs, mais les travaux r\u00e9alis\u00e9s sont bien en de\u00e7a de ce que l&rsquo;on pouvait esp\u00e9rer.<\/p>\n<p>Merci \u00e0 Lisa Castelly de Marsactu d&rsquo;avoir suivi ce dossier tout au long de l&rsquo;ann\u00e9e.<\/p>\n<p><a href=\"https:\/\/archives.rencontrestsiganes.org\/wp-content\/uploads\/marsactu-a-saint-menet-les-gens-du-voyage-retrouvent-le-triste-ordinaire-de-leur-aire-daccueil.pdf\">marsactu-a-saint-menet-les-gens-du-voyage-retrouvent-le-triste-ordinaire-de-leur-aire-daccueil<\/a><\/p>\n","protected":false},"excerpt":{"rendered":"<p>&nbsp; On n&rsquo;y croyait plus ! On se demandait quelle nouvelle raison allait \u00eatre invoqu\u00e9e pour retarder la r\u00e9ouverture de l&rsquo;aire d&rsquo;accueil ! Au bout de 14 mois, l&rsquo;aire a pu enfin accueillir, de nouveau, des voyageurs, mais les travaux r\u00e9alis\u00e9s sont bien en de\u00e7a de ce que l&rsquo;on pouvait esp\u00e9rer. Merci \u00e0 Lisa Castelly [&hellip;]<\/p>\n","protected":false},"author":1,"featured_media":0,"comment_status":"open","ping_status":"open","sticky":false,"template":"","format":"standard","meta":{"footnotes":""},"categories":[3,29],"tags":[],"class_list":["post-13814","post","type-post","status-publish","format-standard","hentry","category-fabrique-du-droit","category-aires-daccueil"],"_links":{"self":[{"href":"https:\/\/archives.rencontrestsiganes.org\/index.php\/wp-json\/wp\/v2\/posts\/13814","targetHints":{"allow":["GET"]}}],"collection":[{"href":"https:\/\/archives.rencontrestsiganes.org\/index.php\/wp-json\/wp\/v2\/posts"}],"about":[{"href":"https:\/\/archives.rencontrestsiganes.org\/index.php\/wp-json\/wp\/v2\/types\/post"}],"author":[{"embeddable":true,"href":"https:\/\/archives.rencontrestsiganes.org\/index.php\/wp-json\/wp\/v2\/users\/1"}],"replies":[{"embeddable":true,"href":"https:\/\/archives.rencontrestsiganes.org\/index.php\/wp-json\/wp\/v2\/comments?post=13814"}],"version-history":[{"count":0,"href":"https:\/\/archives.rencontrestsiganes.org\/index.php\/wp-json\/wp\/v2\/posts\/13814\/revisions"}],"wp:attachment":[{"href":"https:\/\/archives.rencontrestsiganes.org\/index.php\/wp-json\/wp\/v2\/media?parent=13814"}],"wp:term":[{"taxonomy":"category","embeddable":true,"href":"https:\/\/archives.rencontrestsiganes.org\/index.php\/wp-json\/wp\/v2\/categories?post=13814"},{"taxonomy":"post_tag","embeddable":true,"href":"https:\/\/archives.rencontrestsiganes.org\/index.php\/wp-json\/wp\/v2\/tags?post=13814"}],"curies":[{"name":"wp","href":"https:\/\/api.w.org\/{rel}","templated":true}]}}