{"id":13746,"date":"2018-04-27T13:01:29","date_gmt":"2018-04-27T11:01:29","guid":{"rendered":"https:\/\/archives.rencontrestsiganes.org\/?p=13746"},"modified":"2018-04-27T13:01:29","modified_gmt":"2018-04-27T11:01:29","slug":"ceuas-music-festival","status":"publish","type":"post","link":"https:\/\/archives.rencontrestsiganes.org\/index.php\/2018\/04\/27\/ceuas-music-festival\/","title":{"rendered":"Ceuas Music Festival"},"content":{"rendered":"<p><a href=\"http:\/\/t.emk01.com\/mhWx_rd\/mXNka1rGdmJnaGdpnF3IoWaXaZaXamqZjMh1Yl2WoWpepm1lWtB2lp9ZqJnYq6KVW9Nyk4mldMWutmiVf36ahbFvnZedmWqTeYmnjrhsz8Znlau7lYlovb6ypYyPf5SakJCYlnecdg\" target=\"_blank\" rel=\"noopener\" data-saferedirecturl=\"https:\/\/www.google.com\/url?hl=fr&amp;q=http:\/\/t.emk01.com\/mhWx_rd\/mXNka1rGdmJnaGdpnF3IoWaXaZaXamqZjMh1Yl2WoWpepm1lWtB2lp9ZqJnYq6KVW9Nyk4mldMWutmiVf36ahbFvnZedmWqTeYmnjrhsz8Znlau7lYlovb6ypYyPf5SakJCYlnecdg&amp;source=gmail&amp;ust=1524320396991000&amp;usg=AFQjCNF7-e9vp_HOGy0D9Q6LRhIGob79Nw\"><img loading=\"lazy\" decoding=\"async\" class=\"CToWUd\" src=\"https:\/\/ci5.googleusercontent.com\/proxy\/gdXELFNaA1oJaip-HmhltbMy5vVVFaqAUNZab4lxPLR3cq9bnbe9PShKI487FbKzSaZaEE_7ZToEl5n4kOzCxv5fTHz8As8Py9kzBg=s0-d-e1-ft#http:\/\/img.emk01.com\/img\/47\/165357\/600x142_A422815\/jpg\" alt=\"##nothumbs##\" width=\"600\" height=\"142\" border=\"0\" \/><\/a><\/p>\n<p>Roumanie, du 25 au 30 juin 2018<\/p>\n<p><strong>UN FESTIVAL IMAGIN\u00c9 PAR DES RROMS, DANS UN PAYS O\u00d9 ON NE LES AIME PAS<\/strong><\/p>\n<p>Destination : un petit village presque au bord du monde, o\u00f9 il vous faudra une journ\u00e9e de voyage depuis Bucharest, en empruntant \u00e0 tour de r\u00f4le deux trains, un car et une charrette : vous voil\u00e0 arriv\u00e9s \u00e0 Ceuas (prononcez Tch\u00e9wash). Le secret le mieux gard\u00e9 de l\u2019Europe de l\u2019Est.<\/p>\n<p>Pendant cinq jours (et cinq nuits&#8230;), le projet du festival est d&rsquo;offrir aux invit\u00e9s de d\u00e9couvrir, de jouer et de danser avec tout le village sur des musiques rromani sorties directement de la fontaine de la vie.<\/p>\n<p><strong>REGARDEZ PLUT\u00d4T :<\/strong><\/p>\n<div style=\"padding:56.25% 0 0 0;position:relative;\"><iframe src=\"https:\/\/player.vimeo.com\/video\/255088955\" style=\"position:absolute;top:0;left:0;width:100%;height:100%;\" frameborder=\"0\" webkitallowfullscreen mozallowfullscreen allowfullscreen><\/iframe><\/div>\n<p><script src=\"https:\/\/player.vimeo.com\/api\/player.js\"><\/script><\/p>\n<p><a href=\"https:\/\/vimeo.com\/255088955\">Ceuas (Sz&aacute;szcs&aacute;v&aacute;s) Music Festival 2018<\/a> from <a href=\"https:\/\/vimeo.com\/user74035465\">alina turco<\/a> on <a href=\"https:\/\/vimeo.com\">Vimeo<\/a>.<\/p>\n<p><strong>DES RROMS ET DES &lsquo;GADJE&rsquo; QUI JOUENT DE LA MUSIQUE ENSEMBLE, COMMEN\u00c7ONS PAR L\u00c0<\/strong><\/p>\n<p>Un pari fou \u00e0 l\u2019heure o\u00f9 les festivals de \u201cmusiques du monde\u201d battent les records d\u2019audience. Les habitants de Ceuas, eux, veulent tout simplement partager avec un petit nombre de curieux leur tradition si exceptionnelle. Car leurs \u00ab\u00a0chants d&rsquo;anciens\u00a0\u00bb sont menac\u00e9s d\u2019extinction par l\u2019envahissement des musiques commerciales et industrielles. Aujourd\u2019hui en effet, ce sont plus souvent des machines qui animent les nombreux mariages dans la r\u00e9gion. Par cons\u00e9quent, les musiciens sont oblig\u00e9s de laisser de c\u00f4t\u00e9 leurs violons pour &lsquo;jouer&rsquo; de la b\u00eache et de la pelle dans les exploitations agricoles.<\/p>\n<p>Malgr\u00e9 ces \u00e9volutions pessimistes, les rroms de Ceuas n&rsquo;ont pas capitul\u00e9. Prenant les choses en main, ils ont voulu organiser eux-m\u00eames ce festival. Mais il ne faut pas se laisser tromper par le terme. Ici, pas besoin de grandes sc\u00e8nes, ni de projecteurs. Pas besoin de beaucoup d\u2019argent non plus. Juste assez pour permettre la continuit\u00e9 de la transmission de ce savoir-faire aux g\u00e9n\u00e9rations futures.<\/p>\n<p>Les rroms ouvrent ainsi leurs maisons aux roumains et aux occidentaux (les \u2018gadje\u2019) qui auront assez de courage pour partager leur quotidien, apprendre la musique, et improviser tous ensemble. Car, selon Shanyika Mezei, initiateur du festival, il faut du courage pour bien jouer et pour oublier qu\u2019on est rrom ou roumain.<\/p>\n<p>Shanyika a d\u00e9j\u00e0 fait les calculs : construction de toilettes s\u00e8ches, douches suppl\u00e9mentaires, matelas, draps, nourriture, salaires des cuisini\u00e8res et des musiciens. Conclusion : pour voir le jour, ce festival a besoin d\u2019un petit coup de pouce. Aidez-nous \u00e0 soutenir cette belle initiative solidaire, exemplaire, g\u00e9n\u00e9reuse et visionnaire, en donnant 5\u20ac ou plus sur notre appel \u00e0 financement participatif. Votre contribution fera toute la diff\u00e9rence.<\/p>\n<p>En \u00e9change, vous recevrez un DVD du film documentaire en cours, une photo d\u00e9dicac\u00e9e, voire un morceau de musique jou\u00e9 en votre honneur et envoy\u00e9 par vid\u00e9o sur votre email.<\/p>\n<p><a href=\"http:\/\/t.emk01.com\/mhWx_rd\/mXNka1rGdmJnaGdpnF3IoWaXaZaXamqZjMh1Yl2WoWpepm1lWtB2lp9ZqJnYq6KVW9NylomldMWutmiVf36ahbFvnZedmWqTeYmnjrhsz8Znlau7lYlovb6ypYyPf5SakJCYlnecdg\" target=\"_blank\" rel=\"noopener\" data-saferedirecturl=\"https:\/\/www.google.com\/url?hl=fr&amp;q=http:\/\/t.emk01.com\/mhWx_rd\/mXNka1rGdmJnaGdpnF3IoWaXaZaXamqZjMh1Yl2WoWpepm1lWtB2lp9ZqJnYq6KVW9NylomldMWutmiVf36ahbFvnZedmWqTeYmnjrhsz8Znlau7lYlovb6ypYyPf5SakJCYlnecdg&amp;source=gmail&amp;ust=1524320396991000&amp;usg=AFQjCNGQltcjLkmIGNHBg_Frzyk3MZoVSQ\"><img loading=\"lazy\" decoding=\"async\" class=\"CToWUd\" src=\"https:\/\/ci4.googleusercontent.com\/proxy\/vXxJnem1kK7rU0MN1ae9qUdyipPvKlNdv9bTMeIreb5GWViR2t0qM7CajlXxwPHxcClRBYzLU9Tc5FKdk9Xr-2Us1gs=s0-d-e1-ft#http:\/\/img.emk01.com\/img\/47\/165357\/A422713\/jpg\" alt=\"##nothumbs##\" width=\"153\" height=\"70\" border=\"0\" \/><\/a><\/p>\n<p>Et puis, de cette fa\u00e7on, vous serez inform\u00e9s de la suite de notre aventure. Car nous n\u2019allons pas nous arr\u00eater de diffuser de l\u2019amour.<\/p>\n<p><a href=\"http:\/\/t.emk01.com\/mhWx_rd\/mXNka1rGdmJnaGdpnF3IoWaXaZaXamqZjMh1Yl2WoWpepm1lWtB2lp9ZqJnYq6KVW9Nyl4mldMWutmiVf36ahbFvnZedmWqTeYmnjrhsz8Znlau7lYlovb6ypYyPf5SakJCYlnecdg\" target=\"_blank\" rel=\"noopener\" data-saferedirecturl=\"https:\/\/www.google.com\/url?hl=fr&amp;q=http:\/\/t.emk01.com\/mhWx_rd\/mXNka1rGdmJnaGdpnF3IoWaXaZaXamqZjMh1Yl2WoWpepm1lWtB2lp9ZqJnYq6KVW9Nyl4mldMWutmiVf36ahbFvnZedmWqTeYmnjrhsz8Znlau7lYlovb6ypYyPf5SakJCYlnecdg&amp;source=gmail&amp;ust=1524320396991000&amp;usg=AFQjCNEpgJj2fK3_Y4BLQLUYz2ddrBIymQ\"><img loading=\"lazy\" decoding=\"async\" class=\"CToWUd\" src=\"https:\/\/ci6.googleusercontent.com\/proxy\/bnX1ayc3VuOwuEVU8f6nEaZdB-QHBkojoyAA49atMV7RkerKRkgG1_B4-I4pp066yj_JCcrs2XaUFYhWolxIaooH_eStVJG0pZ3pcQ=s0-d-e1-ft#http:\/\/img.emk01.com\/img\/47\/165357\/600x300_A422708\/jpg\" alt=\"##nothumbs##\" width=\"538\" height=\"300\" border=\"0\" \/><\/a><\/p>\n<p><strong>INFOS PRATIQUES<\/strong><\/p>\n<p>Dates \/\/ du 25 au 30 juin 2018<\/p>\n<p>Adresse \/\/<span class=\"m_8199868276252690176Apple-converted-space\">\u00a0<\/span><a href=\"http:\/\/t.emk01.com\/mhWx_rd\/mXNka1rGdmJnaGdpnF3IoWaXaZaXamqZjMh1Yl2WoWpepm1lWtB2lp9ZqJnYq6KVW9NymImldMWutmiVf36ahbFvY5hnx66LY2yqjpev0bCiv66ulWSfx66xrpV-qcySaoumhWa6aoqEiXiCuIyatp7cp7fQbKu9vZmoi4pqpYd8j6WBrrWyfpt4ZoKort6xrplpsad8rrGqrW1-e52ahWqImJh7qXJ6hYWogrh838aJtp2vu4Cuyaq1a4B-epmHj4Cdg4jHsn6rfZyN35qbsX3MrrG3eGi94Kmvi4t-3Yd8nWKCi6mweoWbqIHOfN--ebZnrs2AZ7HQpa-Ae3bMh3-HqYJ3mGl_dXxngbmMmg\" target=\"_blank\" rel=\"noopener\" data-saferedirecturl=\"https:\/\/www.google.com\/url?hl=fr&amp;q=http:\/\/t.emk01.com\/mhWx_rd\/mXNka1rGdmJnaGdpnF3IoWaXaZaXamqZjMh1Yl2WoWpepm1lWtB2lp9ZqJnYq6KVW9NymImldMWutmiVf36ahbFvY5hnx66LY2yqjpev0bCiv66ulWSfx66xrpV-qcySaoumhWa6aoqEiXiCuIyatp7cp7fQbKu9vZmoi4pqpYd8j6WBrrWyfpt4ZoKort6xrplpsad8rrGqrW1-e52ahWqImJh7qXJ6hYWogrh838aJtp2vu4Cuyaq1a4B-epmHj4Cdg4jHsn6rfZyN35qbsX3MrrG3eGi94Kmvi4t-3Yd8nWKCi6mweoWbqIHOfN--ebZnrs2AZ7HQpa-Ae3bMh3-HqYJ3mGl_dXxngbmMmg&amp;source=gmail&amp;ust=1524320396992000&amp;usg=AFQjCNEdF81Ze6xplzTbj73cVsCVRunmBg\">Ceuas, Roumanie<\/a><\/p>\n<p>Plus de renseignements \/\/<span class=\"m_8199868276252690176Apple-converted-space\">\u00a0<\/span><a href=\"http:\/\/t.emk01.com\/mhWx_rd\/mXNka1rGdmJnaGdpnF3IoWaXaZaXamqZjMh1Yl2WoWpepm1lWtB2lp9ZqJnYq6KVW9NymYmldMWutmiVe6DahWqEnJiLqrOLnomumKyjl72M3Kq7lWyr\" target=\"_blank\" rel=\"noopener\" data-saferedirecturl=\"https:\/\/www.google.com\/url?hl=fr&amp;q=http:\/\/t.emk01.com\/mhWx_rd\/mXNka1rGdmJnaGdpnF3IoWaXaZaXamqZjMh1Yl2WoWpepm1lWtB2lp9ZqJnYq6KVW9NymYmldMWutmiVe6DahWqEnJiLqrOLnomumKyjl72M3Kq7lWyr&amp;source=gmail&amp;ust=1524320396992000&amp;usg=AFQjCNELJXHfntR-3LF_G8rSPShpbbgw-w\">http:\/\/ceuasfestival.com<\/a><\/p>\n<p>Inscriptions \/\/<span class=\"m_8199868276252690176Apple-converted-space\">\u00a0<\/span><a href=\"mailto:contact@ceuasfestival.com\" target=\"_blank\" rel=\"noopener\">contact@ceuasfestival.com<\/a><\/p>\n","protected":false},"excerpt":{"rendered":"<p>Roumanie, du 25 au 30 juin 2018 UN FESTIVAL IMAGIN\u00c9 PAR DES RROMS, DANS UN PAYS O\u00d9 ON NE LES AIME PAS Destination : un petit village presque au bord du monde, o\u00f9 il vous faudra une journ\u00e9e de voyage depuis Bucharest, en empruntant \u00e0 tour de r\u00f4le deux trains, un car et une charrette [&hellip;]<\/p>\n","protected":false},"author":1,"featured_media":0,"comment_status":"open","ping_status":"open","sticky":false,"template":"","format":"standard","meta":{"footnotes":""},"categories":[5,10],"tags":[],"class_list":["post-13746","post","type-post","status-publish","format-standard","hentry","category-culturehistoire","category-festivals-et-manifestations"],"_links":{"self":[{"href":"https:\/\/archives.rencontrestsiganes.org\/index.php\/wp-json\/wp\/v2\/posts\/13746","targetHints":{"allow":["GET"]}}],"collection":[{"href":"https:\/\/archives.rencontrestsiganes.org\/index.php\/wp-json\/wp\/v2\/posts"}],"about":[{"href":"https:\/\/archives.rencontrestsiganes.org\/index.php\/wp-json\/wp\/v2\/types\/post"}],"author":[{"embeddable":true,"href":"https:\/\/archives.rencontrestsiganes.org\/index.php\/wp-json\/wp\/v2\/users\/1"}],"replies":[{"embeddable":true,"href":"https:\/\/archives.rencontrestsiganes.org\/index.php\/wp-json\/wp\/v2\/comments?post=13746"}],"version-history":[{"count":0,"href":"https:\/\/archives.rencontrestsiganes.org\/index.php\/wp-json\/wp\/v2\/posts\/13746\/revisions"}],"wp:attachment":[{"href":"https:\/\/archives.rencontrestsiganes.org\/index.php\/wp-json\/wp\/v2\/media?parent=13746"}],"wp:term":[{"taxonomy":"category","embeddable":true,"href":"https:\/\/archives.rencontrestsiganes.org\/index.php\/wp-json\/wp\/v2\/categories?post=13746"},{"taxonomy":"post_tag","embeddable":true,"href":"https:\/\/archives.rencontrestsiganes.org\/index.php\/wp-json\/wp\/v2\/tags?post=13746"}],"curies":[{"name":"wp","href":"https:\/\/api.w.org\/{rel}","templated":true}]}}