{"id":13690,"date":"2018-03-02T14:52:49","date_gmt":"2018-03-02T13:52:49","guid":{"rendered":"https:\/\/archives.rencontrestsiganes.org\/?p=13690"},"modified":"2018-03-02T14:52:49","modified_gmt":"2018-03-02T13:52:49","slug":"un-livre-a-paraitre-presences-tsiganes-et-une-exposition-a-venir-mondes-tsiganes","status":"publish","type":"post","link":"https:\/\/archives.rencontrestsiganes.org\/index.php\/2018\/03\/02\/un-livre-a-paraitre-presences-tsiganes-et-une-exposition-a-venir-mondes-tsiganes\/","title":{"rendered":"Un livre \u00e0 para\u00eetre : Pr\u00e9sences tsiganes et une exposition \u00e0 venir : Mondes tsiganes"},"content":{"rendered":"<p>A para\u00eetre en avril 2018 :<\/p>\n<p>Pr\u00e9sences tsiganes &#8211;\u00a0 enqu\u00eates et exp\u00e9riences dans les archives<\/p>\n<p>Ilsen About, Marc Bordigoni<\/p>\n<blockquote class=\"wp-embedded-content\" data-secret=\"xXgmalkyc6\"><p><a href=\"http:\/\/www.lecavalierbleu.com\/livre\/presences-tsiganes\/\">Pr\u00e9sences tsiganes<\/a><\/p><\/blockquote>\n<p><iframe loading=\"lazy\" class=\"wp-embedded-content\" sandbox=\"allow-scripts\" security=\"restricted\" style=\"position: absolute; clip: rect(1px, 1px, 1px, 1px);\" title=\"\u00ab\u00a0Pr\u00e9sences tsiganes\u00a0\u00bb &#8212; Le Cavalier Bleu\" src=\"http:\/\/www.lecavalierbleu.com\/livre\/presences-tsiganes\/embed\/#?secret=xXgmalkyc6\" data-secret=\"xXgmalkyc6\" width=\"500\" height=\"282\" frameborder=\"0\" marginwidth=\"0\" marginheight=\"0\" scrolling=\"no\"><\/iframe><\/p>\n<p>Du 13 mars au 26 ao\u00fbt 2018<\/p>\n<p>Exposition au Mus\u00e9e de l&rsquo;histoire de l&rsquo;immigation \u00e0 Paris<\/p>\n<p><strong>Mondes tsiganes<\/strong><\/p>\n<div class=\"field field-name-field-sous-titre field-type-text-long field-label-hidden\">\n<div class=\"field-items\">\n<div class=\"field-item even\">\n<p>La fabrique des images<\/p>\n<\/div>\n<\/div>\n<\/div>\n<p>http:\/\/www.histoire-immigration.fr\/agenda\/2018-01\/mondes-tsiganes<\/p>\n<p><img loading=\"lazy\" decoding=\"async\" class=\"alignnone size-medium wp-image-13693\" src=\"https:\/\/archives.rencontrestsiganes.org\/wp-content\/uploads\/carte_postaleweb-300x232.jpg\" alt=\"\" width=\"300\" height=\"232\" \/><\/p>\n","protected":false},"excerpt":{"rendered":"<p>A para\u00eetre en avril 2018 : Pr\u00e9sences tsiganes &#8211;\u00a0 enqu\u00eates et exp\u00e9riences dans les archives Ilsen About, Marc Bordigoni Pr\u00e9sences tsiganes Du 13 mars au 26 ao\u00fbt 2018 Exposition au Mus\u00e9e de l&rsquo;histoire de l&rsquo;immigation \u00e0 Paris Mondes tsiganes La fabrique des images http:\/\/www.histoire-immigration.fr\/agenda\/2018-01\/mondes-tsiganes<\/p>\n","protected":false},"author":1,"featured_media":0,"comment_status":"open","ping_status":"open","sticky":false,"template":"","format":"standard","meta":{"footnotes":""},"categories":[5,10,22],"tags":[],"class_list":["post-13690","post","type-post","status-publish","format-standard","hentry","category-culturehistoire","category-festivals-et-manifestations","category-ouvrages-de-reference"],"_links":{"self":[{"href":"https:\/\/archives.rencontrestsiganes.org\/index.php\/wp-json\/wp\/v2\/posts\/13690","targetHints":{"allow":["GET"]}}],"collection":[{"href":"https:\/\/archives.rencontrestsiganes.org\/index.php\/wp-json\/wp\/v2\/posts"}],"about":[{"href":"https:\/\/archives.rencontrestsiganes.org\/index.php\/wp-json\/wp\/v2\/types\/post"}],"author":[{"embeddable":true,"href":"https:\/\/archives.rencontrestsiganes.org\/index.php\/wp-json\/wp\/v2\/users\/1"}],"replies":[{"embeddable":true,"href":"https:\/\/archives.rencontrestsiganes.org\/index.php\/wp-json\/wp\/v2\/comments?post=13690"}],"version-history":[{"count":0,"href":"https:\/\/archives.rencontrestsiganes.org\/index.php\/wp-json\/wp\/v2\/posts\/13690\/revisions"}],"wp:attachment":[{"href":"https:\/\/archives.rencontrestsiganes.org\/index.php\/wp-json\/wp\/v2\/media?parent=13690"}],"wp:term":[{"taxonomy":"category","embeddable":true,"href":"https:\/\/archives.rencontrestsiganes.org\/index.php\/wp-json\/wp\/v2\/categories?post=13690"},{"taxonomy":"post_tag","embeddable":true,"href":"https:\/\/archives.rencontrestsiganes.org\/index.php\/wp-json\/wp\/v2\/tags?post=13690"}],"curies":[{"name":"wp","href":"https:\/\/api.w.org\/{rel}","templated":true}]}}