{"id":13680,"date":"2018-03-02T14:54:11","date_gmt":"2018-03-02T13:54:11","guid":{"rendered":"https:\/\/archives.rencontrestsiganes.org\/?p=13680"},"modified":"2018-03-02T14:54:11","modified_gmt":"2018-03-02T13:54:11","slug":"la-ville-de-lille-et-letat-condamnes-apres-lexpulsion-dun-campement-de-roms","status":"publish","type":"post","link":"https:\/\/archives.rencontrestsiganes.org\/index.php\/2018\/03\/02\/la-ville-de-lille-et-letat-condamnes-apres-lexpulsion-dun-campement-de-roms\/","title":{"rendered":"La ville de Lille et l&rsquo;Etat condamn\u00e9s apr\u00e8s l&rsquo;expulsion d&rsquo;un campement de Roms"},"content":{"rendered":"<p>Le Tribunal de Grande Instance de Lille \u00e9tait saisi en r\u00e9f\u00e9r\u00e9 par un couple de Roms expuls\u00e9s avec une quinzaine d&rsquo;autres personnes, le 3 novembre 2017. Le tribunal a estim\u00e9 ce mardi que l&rsquo;\u00e9vacuation \u00e9tait ill\u00e9gale parce qu&rsquo;elle n&rsquo;avait pas fait l&rsquo;objet d&rsquo;une d\u00e9cision de justice pr\u00e9alable.<\/p>\n<p>https:\/\/www.francebleu.fr\/infos\/faits-divers-justice\/la-ville-de-lille-et-l-etat-condamnes-apres-l-expulsion-d-un-campement-de-roms-1517916924<\/p>\n<blockquote class=\"wp-embedded-content\" data-secret=\"HpkoXnJY7c\"><p><a href=\"https:\/\/www.romeurope.org\/expulsion-illegale-a-lille-communique-interassociatif\/\">Expulsion ill\u00e9gale \u00e0 Lille &#8211; Communiqu\u00e9 interassociatif<\/a><\/p><\/blockquote>\n<p><iframe loading=\"lazy\" class=\"wp-embedded-content\" sandbox=\"allow-scripts\" security=\"restricted\" style=\"position: absolute; clip: rect(1px, 1px, 1px, 1px);\" title=\"\u00ab\u00a0Expulsion ill\u00e9gale \u00e0 Lille &#8211; Communiqu\u00e9 interassociatif\u00a0\u00bb &#8212; CNDH ROMEUROPE\" src=\"https:\/\/www.romeurope.org\/expulsion-illegale-a-lille-communique-interassociatif\/embed\/#?secret=7c8McRKtZD#?secret=HpkoXnJY7c\" data-secret=\"HpkoXnJY7c\" width=\"500\" height=\"282\" frameborder=\"0\" marginwidth=\"0\" marginheight=\"0\" scrolling=\"no\"><\/iframe><\/p>\n<p><a href=\"https:\/\/archives.rencontrestsiganes.org\/wp-content\/uploads\/TGI-Lille_06_02_18.pdf\">TGI-Lille_06_02_18<\/a><\/p>\n","protected":false},"excerpt":{"rendered":"<p>Le Tribunal de Grande Instance de Lille \u00e9tait saisi en r\u00e9f\u00e9r\u00e9 par un couple de Roms expuls\u00e9s avec une quinzaine d&rsquo;autres personnes, le 3 novembre 2017. Le tribunal a estim\u00e9 ce mardi que l&rsquo;\u00e9vacuation \u00e9tait ill\u00e9gale parce qu&rsquo;elle n&rsquo;avait pas fait l&rsquo;objet d&rsquo;une d\u00e9cision de justice pr\u00e9alable. https:\/\/www.francebleu.fr\/infos\/faits-divers-justice\/la-ville-de-lille-et-l-etat-condamnes-apres-l-expulsion-d-un-campement-de-roms-1517916924 Expulsion ill\u00e9gale \u00e0 Lille &#8211; Communiqu\u00e9 interassociatif [&hellip;]<\/p>\n","protected":false},"author":1,"featured_media":0,"comment_status":"open","ping_status":"open","sticky":false,"template":"","format":"standard","meta":{"footnotes":""},"categories":[3,4,18],"tags":[],"class_list":["post-13680","post","type-post","status-publish","format-standard","hentry","category-fabrique-du-droit","category-rub39","category-migrants-roms"],"_links":{"self":[{"href":"https:\/\/archives.rencontrestsiganes.org\/index.php\/wp-json\/wp\/v2\/posts\/13680","targetHints":{"allow":["GET"]}}],"collection":[{"href":"https:\/\/archives.rencontrestsiganes.org\/index.php\/wp-json\/wp\/v2\/posts"}],"about":[{"href":"https:\/\/archives.rencontrestsiganes.org\/index.php\/wp-json\/wp\/v2\/types\/post"}],"author":[{"embeddable":true,"href":"https:\/\/archives.rencontrestsiganes.org\/index.php\/wp-json\/wp\/v2\/users\/1"}],"replies":[{"embeddable":true,"href":"https:\/\/archives.rencontrestsiganes.org\/index.php\/wp-json\/wp\/v2\/comments?post=13680"}],"version-history":[{"count":0,"href":"https:\/\/archives.rencontrestsiganes.org\/index.php\/wp-json\/wp\/v2\/posts\/13680\/revisions"}],"wp:attachment":[{"href":"https:\/\/archives.rencontrestsiganes.org\/index.php\/wp-json\/wp\/v2\/media?parent=13680"}],"wp:term":[{"taxonomy":"category","embeddable":true,"href":"https:\/\/archives.rencontrestsiganes.org\/index.php\/wp-json\/wp\/v2\/categories?post=13680"},{"taxonomy":"post_tag","embeddable":true,"href":"https:\/\/archives.rencontrestsiganes.org\/index.php\/wp-json\/wp\/v2\/tags?post=13680"}],"curies":[{"name":"wp","href":"https:\/\/api.w.org\/{rel}","templated":true}]}}