{"id":13624,"date":"2018-01-09T14:09:53","date_gmt":"2018-01-09T13:09:53","guid":{"rendered":"https:\/\/archives.rencontrestsiganes.org\/?p=13624"},"modified":"2018-01-09T14:09:53","modified_gmt":"2018-01-09T13:09:53","slug":"une-jurisprudence-qui-semble-prendre-en-compte-plus-souvent-le-respect-des-droits-humains","status":"publish","type":"post","link":"https:\/\/archives.rencontrestsiganes.org\/index.php\/2018\/01\/09\/une-jurisprudence-qui-semble-prendre-en-compte-plus-souvent-le-respect-des-droits-humains\/","title":{"rendered":"Une jurisprudence qui semble prendre en compte plus souvent le respect des droits humains !!"},"content":{"rendered":"<h3><img loading=\"lazy\" decoding=\"async\" class=\" wp-image-13579 aligncenter\" src=\"https:\/\/archives.rencontrestsiganes.org\/wp-content\/uploads\/Eiffel-veille-de-lexpulsion-300x225.jpg\" alt=\"\" width=\"434\" height=\"327\" \/><\/h3>\n<h3><\/h3>\n<h3>L&rsquo;exemple que nous transmet ci-dessous Lisa Taoussi de Romeurope semble faire \u00e9cole. Durant l&rsquo;ann\u00e9e 2017, ce sont ainsi plus d&rsquo;une dizaine de d\u00e9cisions judiciaires qui ont mis s\u00e9rieusement en question le sacro-saint droit de propri\u00e9t\u00e9 et le pouvoir absolu des maires.<\/h3>\n<h3><a href=\"https:\/\/archives.rencontrestsiganes.org\/wp-content\/uploads\/JUGEMENT-DU-TA-26-DEC-2017-RUE-DE-PARIS-ANONYMISE-1.pdf\">JUGEMENT DU TA 26 DEC 2017 RUE DE PARIS &#8211; ANONYMISE-1<\/a><\/h3>\n<p>&nbsp;<\/p>\n<p><span style=\"font-family: Lato;\">Bonjour \u00e0 toutes et \u00e0 tous,<br \/>\n<\/span><\/p>\n<p><span style=\"font-family: Lato;\">En pi\u00e8ce-jointe, vous trouverez une d\u00e9cision tr\u00e8s int\u00e9ressante du tribunal administratif de Montreuil, annulant un arr\u00eat\u00e9 municipal d&rsquo;expulsion \u00e0 Bobigny.<br \/>\n<\/span><\/p>\n<p><span style=\"font-family: Lato;\">Il s&rsquo;agit d&rsquo;une situation particuli\u00e8re d\u00e8s lors que le terrain occup\u00e9 avait fait l&rsquo;objet, dans le pass\u00e9, d&rsquo;une convention d&rsquo;occupation pr\u00e9caire avec l&rsquo;\u00e9tablissement public foncier d&rsquo;Ile-de-France, alors propri\u00e9taire du terrain, et avait fait l&rsquo;objet d&rsquo;am\u00e9nagements (notamment le raccordement aux fluides). Cependant, <b>le raisonnement du juge reste <\/b><b>particuli\u00e8rement in<\/b><b>t\u00e9ressant <\/b><b>quant a<\/b><b>u traitement des argu<\/b><b>ment<\/b><b>s s\u00e9curit<\/b><b>aires et sanitaires mobilis\u00e9s p<\/b><b>ar la municipalit\u00e9<\/b><b> <\/b><b>:<\/b><\/span><\/p>\n<ul>\n<li><span style=\"font-family: Lato;\">concernant la<b> pr<\/b><b>o<\/b><b>ximit\u00e9 imm\u00e9diate d&rsquo;une nationale <\/b>: le juge rejette l&rsquo;argument en estimant que les installations des occupant.e.s n&#8217;empi\u00e8tent pas sur la voie publique et ne perturbent pas la circulation.<br \/>\n<\/span><\/li>\n<li><span style=\"font-family: Lato;\">concernant la <b>pr\u00e9sence de d\u00e9chets sur le terrain<\/b> : le juge rejette l&rsquo;argument en estimant que la pr\u00e9sence &#8211; av\u00e9r\u00e9e &#8211; d&rsquo;objets abandonn\u00e9s ne peut \u00eatre consid\u00e9r\u00e9e \u00ab\u00a0comme r\u00e9v\u00e9lant une situation portant atteinte \u00e0 la salubrit\u00e9 publique\u00a0\u00bb.<br \/>\n<\/span><\/li>\n<li><span style=\"font-family: Lato;\">concernant <b>l&rsquo;impossibilit\u00e9 pour les \u00e9quipes de secours d&rsquo;acc\u00e9der au terrain<\/b> en raison de l&rsquo;absence de sortie de secours et l\u2019encombrement li\u00e9 \u00e0 la pr\u00e9sence d&rsquo;\u00e9quipements \u00e9lectro-m\u00e9nagers : le juge rejette l&rsquo;argument en estimant que cette situation n&rsquo;est pas nouvelle (le terrain est occup\u00e9 dans les m\u00eames conditions depuis plusieurs ann\u00e9es) et ne caract\u00e9rise donc pas un \u00ab\u00a0risque imminent\u00a0\u00bb.<br \/>\n<\/span><\/li>\n<li><span style=\"font-family: Lato;\">concernant<b> les risques d<\/b><b>&lsquo;incendie et d&rsquo;\u00e9lectr<\/b><b>ocution <\/b>li\u00e9s \u00e0 la non conformit\u00e9 de certains branchements \u00e9lectriques : le juge rejette l&rsquo;argument en estimant que si cette situation peut effectivement repr\u00e9senter un \u00ab\u00a0danger grave\u00a0\u00bb, elle ne caract\u00e9rise pas un danger imminent qui justifierait une expulsion en urgence. Le juge rel\u00e8ve de mani\u00e8re g\u00e9n\u00e9rale que les d\u00e9sordres invoqu\u00e9s par la municipalit\u00e9 ne peuvent pas \u00eatre pr\u00e9cis\u00e9ment dat\u00e9s et qu&rsquo;il est <b>impossible d\u00e9terminer <\/b><b>\u00ab\u00a0la p\u00e9ri<\/b><b>ode \u00e0 laquelle ce \u00ab\u00a0danger grave\u00a0\u00bb a d\u00e9but\u00e9\u00a0\u00bb<\/b><b>,<\/b>alors que le terrain est occup\u00e9 \u00ab\u00a0dans des conditions d\u00e9centes\u00a0\u00bb depuis plusieurs ann\u00e9es.\u00a0\u00a0<\/span><\/li>\n<\/ul>\n<p><span style=\"font-family: Lato;\">Bien cordialement,<\/span><\/p>\n<p>Joyeuses f\u00eates !<\/p>\n<pre class=\"moz-signature\">-- \nLisa Taoussi\n\nCharg\u00e9e de mission\nCollectif National Droits de l\u2019Homme Romeurope\n59, rue de l\u2019Ourcq - 75019 Paris\n+33 (0)6 69 22 90 33\n<a class=\"moz-txt-link-abbreviated\" href=\"mailto:lisa.taoussi@romeurope.org\">lisa.taoussi@romeurope.org<\/a> \n<a class=\"moz-txt-link-freetext\" href=\"http:\/\/www.romeurope.org\/\">http:\/\/www.romeurope.org\/<\/a><\/pre>\n","protected":false},"excerpt":{"rendered":"<p>L&rsquo;exemple que nous transmet ci-dessous Lisa Taoussi de Romeurope semble faire \u00e9cole. Durant l&rsquo;ann\u00e9e 2017, ce sont ainsi plus d&rsquo;une dizaine de d\u00e9cisions judiciaires qui ont mis s\u00e9rieusement en question le sacro-saint droit de propri\u00e9t\u00e9 et le pouvoir absolu des maires. JUGEMENT DU TA 26 DEC 2017 RUE DE PARIS &#8211; ANONYMISE-1 &nbsp; Bonjour \u00e0 [&hellip;]<\/p>\n","protected":false},"author":1,"featured_media":0,"comment_status":"open","ping_status":"open","sticky":false,"template":"","format":"standard","meta":{"footnotes":""},"categories":[3,4,12,14,20],"tags":[],"class_list":["post-13624","post","type-post","status-publish","format-standard","hentry","category-fabrique-du-droit","category-rub39","category-habitat","category-habitat-subi","category-non-classe"],"_links":{"self":[{"href":"https:\/\/archives.rencontrestsiganes.org\/index.php\/wp-json\/wp\/v2\/posts\/13624","targetHints":{"allow":["GET"]}}],"collection":[{"href":"https:\/\/archives.rencontrestsiganes.org\/index.php\/wp-json\/wp\/v2\/posts"}],"about":[{"href":"https:\/\/archives.rencontrestsiganes.org\/index.php\/wp-json\/wp\/v2\/types\/post"}],"author":[{"embeddable":true,"href":"https:\/\/archives.rencontrestsiganes.org\/index.php\/wp-json\/wp\/v2\/users\/1"}],"replies":[{"embeddable":true,"href":"https:\/\/archives.rencontrestsiganes.org\/index.php\/wp-json\/wp\/v2\/comments?post=13624"}],"version-history":[{"count":0,"href":"https:\/\/archives.rencontrestsiganes.org\/index.php\/wp-json\/wp\/v2\/posts\/13624\/revisions"}],"wp:attachment":[{"href":"https:\/\/archives.rencontrestsiganes.org\/index.php\/wp-json\/wp\/v2\/media?parent=13624"}],"wp:term":[{"taxonomy":"category","embeddable":true,"href":"https:\/\/archives.rencontrestsiganes.org\/index.php\/wp-json\/wp\/v2\/categories?post=13624"},{"taxonomy":"post_tag","embeddable":true,"href":"https:\/\/archives.rencontrestsiganes.org\/index.php\/wp-json\/wp\/v2\/tags?post=13624"}],"curies":[{"name":"wp","href":"https:\/\/api.w.org\/{rel}","templated":true}]}}