{"id":13577,"date":"2017-11-23T16:09:42","date_gmt":"2017-11-23T15:09:42","guid":{"rendered":"https:\/\/archives.rencontrestsiganes.org\/?p=13577"},"modified":"2017-11-23T16:09:42","modified_gmt":"2017-11-23T15:09:42","slug":"la-treve-hivernale-commence-le-1-novembre","status":"publish","type":"post","link":"https:\/\/archives.rencontrestsiganes.org\/index.php\/2017\/11\/23\/la-treve-hivernale-commence-le-1-novembre\/","title":{"rendered":"La tr\u00eave hivernale commence le 1\u00b0 novembre &#8230;"},"content":{"rendered":"<p><img loading=\"lazy\" decoding=\"async\" class=\"size-medium wp-image-13579 aligncenter\" src=\"https:\/\/archives.rencontrestsiganes.org\/wp-content\/uploads\/Eiffel-veille-de-lexpulsion-300x225.jpg\" alt=\"\" width=\"300\" height=\"225\" \/><\/p>\n<p>C&rsquo;est donc le 31 octobre que les familles qui vivaient dans un hangar, au 44 rue Eiffel, \u00e0 Marseille, ont \u00e9t\u00e9 expuls\u00e9es&#8230;<\/p>\n<p>http:\/\/www.lamarseillaise.fr\/marseille\/societe\/64728-des-familles-expulsees-d-un-hangar-sans-treve<\/p>\n<p>&nbsp;<\/p>\n<p><span style=\"font-family: Lato;\">La\u00a0<b>tr\u00eave hivernale<\/b>\u00a0et les avanc\u00e9es de la loi \u00c9galit\u00e9 et Citoyennet\u00e9 du\u00a027 janvier 2017.<\/span><\/p>\n<p><span style=\"font-family: Lato;\">Des pr\u00e9cisions de\u00a0<b>Manon Fillonneau &#8211;\u00a0<\/b>D\u00e9l\u00e9gu\u00e9e g\u00e9n\u00e9rale &#8211; Collectif National Droits de l\u2019Homme Romeurope<\/span><\/p>\n<p><span style=\"font-family: Lato;\">Ce qui change dans la loi en deux mots : toutes les dispositions relatives aux expulsions (locatives, de squats), s\u2019appliquaient auparavant \u00e0 tous les\u00a0<u>locaux d\u2019habitation<\/u>. Une baraque de bidonville n\u2019\u00e9tait pas consid\u00e9r\u00e9e comme un\u00a0<u>local<\/u>. Ces dispositions s\u2019appliquent d\u00e9sormais \u00e0 tous les\u00a0<u>lieux habit\u00e9s<\/u>\u00a0(dont les baraques, caravanes, tentes etc&#8230;). Tout cela est d\u00e9taill\u00e9 dans\u00a0<a href=\"http:\/\/www.romeurope.org\/wp-content\/uploads\/2017\/06\/Note-Droits-des-habitants-de-terrain-en-proc%C3%A9dure-dexpulsion-2017.pdf\" target=\"_blank\" rel=\"noopener\" data-saferedirecturl=\"https:\/\/www.google.com\/url?hl=fr&amp;q=http:\/\/www.romeurope.org\/wp-content\/uploads\/2017\/06\/Note-Droits-des-habitants-de-terrain-en-proc%25C3%25A9dure-dexpulsion-2017.pdf&amp;source=gmail&amp;ust=1511535229345000&amp;usg=AFQjCNHK0fN0aNgv1o_mhKAGARFPFz7_Ng\">ce document\u00a0<\/a>co-produit par Romeurope :\u00a0<u><a class=\"m_1202020571091451368moz-txt-link-freetext\" href=\"http:\/\/www.romeurope.org\/wp-content\/uploads\/2017\/06\/Note-Droits-des-habitants-de-terrain-en-proc%C3%A9dure-dexpulsion-2017.pdf\" target=\"_blank\" rel=\"noopener\" data-saferedirecturl=\"https:\/\/www.google.com\/url?hl=fr&amp;q=http:\/\/www.romeurope.org\/wp-content\/uploads\/2017\/06\/Note-Droits-des-habitants-de-terrain-en-proc%25C3%25A9dure-dexpulsion-2017.pdf&amp;source=gmail&amp;ust=1511535229345000&amp;usg=AFQjCNHK0fN0aNgv1o_mhKAGARFPFz7_Ng\">http:\/\/www.romeurope.org\/wp-<wbr \/>content\/uploads\/2017\/06\/Note-<wbr \/>Droits-des-habitants-de-<wbr \/>terrain-en-proc%C3%A9dure-<wbr \/>dexpulsion-2017.pdf<\/a>\u00a0<\/u>\u00a0<\/span><br \/>\n<span style=\"font-family: Lato;\">\u00a0<\/span><br \/>\n<span style=\"font-family: Lato;\">\u00a0\u00a0<\/span><\/p>\n<ul>\n<li><span style=\"font-family: Lato;\"><b>La tr\u00eave hivernale<\/b><b>\u00a0PEUT S&rsquo;APPLIQUER<\/b><b>\u00a0quand il y a une d\u00e9cision du tribunal pronon\u00e7ant l\u2019expulsion des habitants<\/b><\/span><\/li>\n<\/ul>\n<p><span style=\"font-family: Lato;\">Lorsque le propri\u00e9taire est \u00e0 l&rsquo;origine de la demande d&rsquo;expulsion\u00a0: il\u00a0assigne les habitants du bidonville devant le tribunal de grande instance le plus souvent.\u00a0<\/span><\/p>\n<p><span style=\"font-family: Lato;\">\u00a0Dans ce cas l\u00e0, les habitants de bidonvilles b\u00e9n\u00e9ficient des m\u00eames protections que les locataires ou les squatteurs d&rsquo;un immeuble b\u00e2ti :<\/span><br \/>\n<span style=\"font-family: Lato;\">&#8211; d\u00e9lais pour quitter les lieux\u00a0<\/span><br \/>\n<span style=\"font-family: Lato;\">&#8211; tr\u00eave hivernale<\/span><\/p>\n<p><span style=\"font-family: Lato;\">\u00a0<b>Si ce n&rsquo;est mentionn\u00e9 dans la d\u00e9cision du juge<\/b>, on peut consid\u00e9rer que la tr\u00eave hivernale s&rsquo;applique\u00a0<i>par d\u00e9faut<\/i>.<\/span><\/p>\n<blockquote><p><span style=\"font-family: Lato;\"><b><u>MAIS<\/u><\/b>\u00a0<b>si les personnes sont entr\u00e9es sur le terrain\/dans le squat par voie de fait\u00a0<\/b>(en cassant un grillage par exemple) et que le propri\u00e9taire peut le\u00a0<b>prouver<\/b>, alors\u00a0<b>le juge PEUT, s\u2019il le souhaite d\u00e9cider de supprimer les d\u00e9lais et\/ou le b\u00e9n\u00e9fice de la tr\u00eave hivernale\u00a0<\/b><\/span><\/p>\n<p><span style=\"font-family: Lato;\"><i>C\u2019est par exemple le cas du bidonville de la Petite Ceinture \u00e0 Paris. Le propri\u00e9taire (SNCF) a pu d\u00e9montrer que les personnes \u00e9taient entr\u00e9es par \u00ab\u00a0voie de fait\u00a0\u00bb et a demand\u00e9 au juge de supprimer la tr\u00eave hivernale. Le juge a d\u00e9cid\u00e9 d&rsquo;accepter la demande de la SNCF.<\/i><\/span><\/p><\/blockquote>\n<p><span style=\"font-family: Lato;\">\u00a0<\/span><\/p>\n<ul>\n<li><span style=\"font-family: Lato;\"><b>La tr\u00eave hivernale\u00a0<\/b><b>NE S&rsquo;APPLIQUE PAS\u00a0<\/b><b>quand est pris un\u00a0arr\u00eat\u00e9 municipal \/ pr\u00e9fectoral d\u2019\u00e9vacuation sous 48h.\u00a0<\/b>Dans ce cas l\u00e0, le ou la maire utilise ses pouvoirs de police pour maintenir l&rsquo;ordre public et la salubrit\u00e9 publique et justifie l&rsquo;\u00e9vacuation par des motifs\u00a0li\u00e9s \u00e0 la s\u00e9curit\u00e9. Hiver ou pas hiver, l\u2019\u00e9vacuation a souvent lieu tr\u00e8s vite, sans que le tribunal administratif, s\u2019il a le temps d\u2019\u00eatre saisi, n\u2019y trouve rien \u00e0 redire.<\/span><\/li>\n<\/ul>\n<p><span style=\"font-family: Lato;\">\u00a0\u00a0\u00a0\u00a0 \u00a0\u00a0\u00a0 \u00a0\u00a0\u00a0<i>C\u2019est par exemple le cas des nombreuses \u00e9vacuations \u00e0 Champs sur Marne, en Seine-Saint-Denis et ailleurs. Nous pouvons craindre que certains maires trouvent la dur\u00e9e de la tr\u00eave\u00a0 \u00a0 \u00a0 \u00a0 \u00a0 \u00a0 \u00a0 \u00a0 \u00a0hivernale trop longue et prennent un arr\u00eat\u00e9 pour acc\u00e9l\u00e9rer l\u2019\u00e9vacuation. Il peut \u00eatre pris\u00a0<u>en plus<\/u>\u00a0de la d\u00e9cision du tribunal de grande instance. La mairie n&rsquo;a pas besoin d&rsquo;\u00eatre\u00a0 propri\u00e9taire du terrain pour prendre un arr\u00eat\u00e9 d&rsquo;\u00e9vacuation.<br \/>\n<\/i><\/span><\/p>\n<p><span style=\"font-family: Lato;\"><i>\u00a0<\/i><\/span><\/p>\n","protected":false},"excerpt":{"rendered":"<p>C&rsquo;est donc le 31 octobre que les familles qui vivaient dans un hangar, au 44 rue Eiffel, \u00e0 Marseille, ont \u00e9t\u00e9 expuls\u00e9es&#8230; http:\/\/www.lamarseillaise.fr\/marseille\/societe\/64728-des-familles-expulsees-d-un-hangar-sans-treve &nbsp; La\u00a0tr\u00eave hivernale\u00a0et les avanc\u00e9es de la loi \u00c9galit\u00e9 et Citoyennet\u00e9 du\u00a027 janvier 2017. Des pr\u00e9cisions de\u00a0Manon Fillonneau &#8211;\u00a0D\u00e9l\u00e9gu\u00e9e g\u00e9n\u00e9rale &#8211; Collectif National Droits de l\u2019Homme Romeurope Ce qui change dans la [&hellip;]<\/p>\n","protected":false},"author":1,"featured_media":0,"comment_status":"open","ping_status":"open","sticky":false,"template":"","format":"standard","meta":{"footnotes":""},"categories":[3,18],"tags":[],"class_list":["post-13577","post","type-post","status-publish","format-standard","hentry","category-fabrique-du-droit","category-migrants-roms"],"_links":{"self":[{"href":"https:\/\/archives.rencontrestsiganes.org\/index.php\/wp-json\/wp\/v2\/posts\/13577","targetHints":{"allow":["GET"]}}],"collection":[{"href":"https:\/\/archives.rencontrestsiganes.org\/index.php\/wp-json\/wp\/v2\/posts"}],"about":[{"href":"https:\/\/archives.rencontrestsiganes.org\/index.php\/wp-json\/wp\/v2\/types\/post"}],"author":[{"embeddable":true,"href":"https:\/\/archives.rencontrestsiganes.org\/index.php\/wp-json\/wp\/v2\/users\/1"}],"replies":[{"embeddable":true,"href":"https:\/\/archives.rencontrestsiganes.org\/index.php\/wp-json\/wp\/v2\/comments?post=13577"}],"version-history":[{"count":0,"href":"https:\/\/archives.rencontrestsiganes.org\/index.php\/wp-json\/wp\/v2\/posts\/13577\/revisions"}],"wp:attachment":[{"href":"https:\/\/archives.rencontrestsiganes.org\/index.php\/wp-json\/wp\/v2\/media?parent=13577"}],"wp:term":[{"taxonomy":"category","embeddable":true,"href":"https:\/\/archives.rencontrestsiganes.org\/index.php\/wp-json\/wp\/v2\/categories?post=13577"},{"taxonomy":"post_tag","embeddable":true,"href":"https:\/\/archives.rencontrestsiganes.org\/index.php\/wp-json\/wp\/v2\/tags?post=13577"}],"curies":[{"name":"wp","href":"https:\/\/api.w.org\/{rel}","templated":true}]}}