{"id":13470,"date":"2017-10-20T16:52:57","date_gmt":"2017-10-20T14:52:57","guid":{"rendered":"https:\/\/archives.rencontrestsiganes.org\/?p=13470"},"modified":"2017-10-20T16:52:57","modified_gmt":"2017-10-20T14:52:57","slug":"exposition-nomad-a-marseille","status":"publish","type":"post","link":"https:\/\/archives.rencontrestsiganes.org\/index.php\/2017\/10\/20\/exposition-nomad-a-marseille\/","title":{"rendered":"Exposition NOMAD \u00e0 Marseille"},"content":{"rendered":"<div>\n<p>\u00a0<img loading=\"lazy\" decoding=\"async\" class=\" wp-image-13501 aligncenter\" src=\"https:\/\/archives.rencontrestsiganes.org\/wp-content\/uploads\/21-bis-web2-300x209.jpg\" alt=\"\" width=\"478\" height=\"333\" \/><\/p>\n<p>Une invitation du centre social de l&rsquo;aire d&rsquo;accueil de Saint Menet \u00e0 Marseille :<\/p>\n<p>Madame, Monsieur,<\/p>\n<p>Dans le cadre de ses missions aupr\u00e8s des personnes issues de la communaut\u00e9 des Gens du Voyage, le centre social de Saint-Menet s\u2019est investi dans la r\u00e9alisation d\u2019un photo-reportage.<\/p>\n<p>Cette \u0153uvre photographique, r\u00e9alis\u00e9e entre avril 2016 et ao\u00fbt 2017, oscille entre r\u00e9alisme et gr\u00e2ce, et t\u00e9moigne du quotidien de l\u2019aire d\u2019accueil des Gens du Voyage de Marseille.<\/p>\n<p>L\u2019implication de l\u2019\u00e9quipe \u00e9ducative du centre social, la pertinence et la passion d\u2019une photographe (Vanessa Nessren) ainsi que le soutien de la C.A.F des Bouches du Rh\u00f4ne et de la galerie d\u2019art \u00ab\u00a0Les Vo\u00fbtes Virgo\u00a0\u00bb nous permettent aujourd\u2019hui de vous convier au vernissage de l\u2019exposition NOMAD.<\/p>\n<p><strong>Ce vernissage aura lieu le jeudi 26 octobre,<\/strong><\/p>\n<p><strong>\u00a0Vo\u00fbte Virgo,<\/strong><\/p>\n<p><strong>12 quai de la Tourette,13\u00a0002 Marseille<\/strong><\/p>\n<p><strong>A partir de 18H30\u00a0<\/strong><\/p>\n<\/div>\n<p>Veuillez trouver en pi\u00e8ce jointe un descriptif de l\u2019exposition.<\/p>\n<p>Comptant sur votre soutien, nous vous adressons nos sinc\u00e8res salutations.<\/p>\n<p>Centre social CCO St Menet\u00a0 \u00a0 \u00a0 \u00a0 \u00a0 \u00a0 \u00a0 \u00a0 \u00a0 \u00a0 \u00a0 \u00a0 \u00a0 \u00a0 \u00a0 \u00a0 \u00a0 \u00a0 \u00a0 \u00a0 \u00a0 \u00a0 \u00a0 \u00a0 \u00a0 \u00a0 \u00a0 \u00a0 \u00a0 \u00a0 \u00a0 \u00a0 \u00a0 \u00a0 \u00a0 \u00a0 \u00a0 \u00a0 \u00a0 \u00a0 \u00a0 \u00a0 \u00a0 \u00a0 \u00a0 \u00a0 \u00a0 \u00a0 \u00a0 \u00a0 \u00a0 \u00a0 \u00a0 \u00a0 \u00a0 \u00a0 \u00a0 \u00a0 \u00a0 \u00a0 \u00a0 \u00a0 \u00a0 \u00a0 \u00a0 \u00a0 \u00a0 \u00a0 \u00a0 \u00a0 \u00a0 \u00a0 \u00a0 \u00a0 \u00a0 \u00a0 \u00a0 \u00a0 \u00a0 \u00a0 \u00a0 \u00a0 \u00a0 \u00a0Les Vo\u00fbtes Virgo<\/p>\n<p>Accueil\u00a0: 06.33.95.76.86\u00a0 \u00a0 \u00a0 \u00a0 \u00a0 \u00a0 \u00a0 \u00a0 \u00a0 \u00a0 \u00a0 \u00a0 \u00a0 \u00a0 \u00a0 \u00a0 \u00a0 \u00a0 \u00a0 \u00a0 \u00a0 \u00a0 \u00a0 \u00a0 \u00a0 \u00a0 \u00a0 \u00a0 \u00a0 \u00a0 \u00a0 \u00a0 \u00a0 \u00a0 \u00a0 \u00a0 \u00a0 \u00a0 \u00a0 \u00a0 \u00a0 \u00a0 \u00a0 \u00a0 \u00a0 \u00a0 \u00a0 \u00a0 \u00a0 \u00a0 \u00a0 \u00a0 \u00a0 \u00a0 \u00a0 \u00a0 \u00a0 \u00a0 \u00a0 \u00a0 \u00a0 \u00a0 \u00a0 \u00a0 \u00a0 \u00a0 \u00a0 \u00a0 \u00a0 \u00a0 \u00a0 \u00a0 \u00a0 \u00a0 \u00a0 \u00a0 \u00a0 \u00a0 \u00a0 \u00a0 \u00a0 \u00a0 \u00a0 \u00a0 \u00a0 \u00a0\u00a0<img decoding=\"async\" class=\"CToWUd\" src=\"https:\/\/ci6.googleusercontent.com\/proxy\/x5AmRrFrtpFmfnKsdiQohnzSOXwPmsyhl8wrbxtCrOC671MhJIqK6uOzADLUTy7y_wFFK2K38Ce-EuQ0flzPwHTrQThlgth1YhPI6VVnzw=s0-d-e1-ft#https:\/\/www.facebook.com\/rsrc.php\/v3\/yG\/r\/iSZlEgxIssq.png\" alt=\"Highlights info row image\" \/>\u00a0\u00a006 45 84 82 58<\/p>\n<p>Fr\u00e9d\u00e9ric Gaillot\u00a0: 07.82.87.56.70\u00a0 \u00a0 \u00a0 \u00a0 \u00a0 \u00a0 \u00a0 \u00a0 \u00a0 \u00a0 \u00a0 \u00a0 \u00a0 \u00a0 \u00a0 \u00a0 \u00a0 \u00a0 \u00a0 \u00a0 \u00a0 \u00a0 \u00a0 \u00a0 \u00a0 \u00a0 \u00a0 \u00a0 \u00a0 \u00a0 \u00a0 \u00a0 \u00a0 \u00a0 \u00a0 \u00a0 \u00a0 \u00a0 \u00a0 \u00a0 \u00a0 \u00a0 \u00a0 \u00a0 \u00a0 \u00a0 \u00a0 \u00a0 \u00a0 \u00a0 \u00a0 \u00a0 \u00a0 \u00a0 \u00a0 \u00a0 \u00a0 \u00a0 \u00a0 \u00a0 \u00a0 \u00a0 \u00a0 \u00a0 \u00a0 \u00a0 \u00a0 \u00a0 \u00a0 \u00a0 \u00a0 \u00a0 \u00a0 \u00a0 \u00a0 \u00a0 \u00a0 \u00a0 \u00a0 \u00a0<a id=\"m_-6156463970455093578LPlnk20664\" href=\"https:\/\/www.facebook.com\/VouteVirgo\/\" target=\"_blank\" rel=\"noopener\" data-saferedirecturl=\"https:\/\/www.google.com\/url?hl=fr&amp;q=https:\/\/www.facebook.com\/VouteVirgo\/&amp;source=gmail&amp;ust=1508493605023000&amp;usg=AFQjCNHy3rXojhrK4PbKlUIhaPJIw5Rg_w\">https:\/\/www.facebook.com\/<wbr \/>VouteVirgo\/<\/a><\/p>\n<p><a href=\"https:\/\/archives.rencontrestsiganes.org\/wp-content\/uploads\/Texte-descriptif-de-lexposition-NOMAD.pdf\">Texte descriptif de l&rsquo;exposition NOMAD<\/a><a href=\"https:\/\/archives.rencontrestsiganes.org\/wp-content\/uploads\/Affiche.pdf\">Affiche<\/a><\/p>\n","protected":false},"excerpt":{"rendered":"<p>\u00a0 Une invitation du centre social de l&rsquo;aire d&rsquo;accueil de Saint Menet \u00e0 Marseille : Madame, Monsieur, Dans le cadre de ses missions aupr\u00e8s des personnes issues de la communaut\u00e9 des Gens du Voyage, le centre social de Saint-Menet s\u2019est investi dans la r\u00e9alisation d\u2019un photo-reportage. Cette \u0153uvre photographique, r\u00e9alis\u00e9e entre avril 2016 et ao\u00fbt [&hellip;]<\/p>\n","protected":false},"author":1,"featured_media":0,"comment_status":"open","ping_status":"open","sticky":false,"template":"","format":"standard","meta":{"footnotes":""},"categories":[10,11],"tags":[],"class_list":["post-13470","post","type-post","status-publish","format-standard","hentry","category-festivals-et-manifestations","category-gens-du-voyage"],"_links":{"self":[{"href":"https:\/\/archives.rencontrestsiganes.org\/index.php\/wp-json\/wp\/v2\/posts\/13470","targetHints":{"allow":["GET"]}}],"collection":[{"href":"https:\/\/archives.rencontrestsiganes.org\/index.php\/wp-json\/wp\/v2\/posts"}],"about":[{"href":"https:\/\/archives.rencontrestsiganes.org\/index.php\/wp-json\/wp\/v2\/types\/post"}],"author":[{"embeddable":true,"href":"https:\/\/archives.rencontrestsiganes.org\/index.php\/wp-json\/wp\/v2\/users\/1"}],"replies":[{"embeddable":true,"href":"https:\/\/archives.rencontrestsiganes.org\/index.php\/wp-json\/wp\/v2\/comments?post=13470"}],"version-history":[{"count":0,"href":"https:\/\/archives.rencontrestsiganes.org\/index.php\/wp-json\/wp\/v2\/posts\/13470\/revisions"}],"wp:attachment":[{"href":"https:\/\/archives.rencontrestsiganes.org\/index.php\/wp-json\/wp\/v2\/media?parent=13470"}],"wp:term":[{"taxonomy":"category","embeddable":true,"href":"https:\/\/archives.rencontrestsiganes.org\/index.php\/wp-json\/wp\/v2\/categories?post=13470"},{"taxonomy":"post_tag","embeddable":true,"href":"https:\/\/archives.rencontrestsiganes.org\/index.php\/wp-json\/wp\/v2\/tags?post=13470"}],"curies":[{"name":"wp","href":"https:\/\/api.w.org\/{rel}","templated":true}]}}