{"id":13468,"date":"2017-10-20T16:51:55","date_gmt":"2017-10-20T14:51:55","guid":{"rendered":"https:\/\/archives.rencontrestsiganes.org\/?p=13468"},"modified":"2017-10-20T16:51:55","modified_gmt":"2017-10-20T14:51:55","slug":"du-bidonville-a-la-ville-une-exposition-proposee-par-lassociation-area-a-montpellier","status":"publish","type":"post","link":"https:\/\/archives.rencontrestsiganes.org\/index.php\/2017\/10\/20\/du-bidonville-a-la-ville-une-exposition-proposee-par-lassociation-area-a-montpellier\/","title":{"rendered":"Du bidonville \u00e0 la ville : une exposition propos\u00e9e par l&rsquo;association AREA \u00e0 Montpellier"},"content":{"rendered":"<div class=\"m_6232369247104210803moz-forward-container\">\n<div class=\"m_6232369247104210803moz-forward-container\">\n<div class=\"m_6232369247104210803moz-forward-container\">\n<div class=\"m_6232369247104210803moz-forward-container\">L&rsquo;association AREA a le plaisir de vous inviter au vernissage de l&rsquo;exposition \u00ab\u00a0Du bidonville \u00e0 la ville\u00a0\u00bb con\u00e7ue en partenariat avec le Centre d&rsquo;Art La Fen\u00eatre et le laboratoire de sociologie de l&rsquo;Universit\u00e9 Paul Val\u00e9ry, avec le soutien de la Fondation Abb\u00e9 Pierre et de La Cimade. Le vernissage aura lieu le 26 octobre \u00e0 18 heures.\u00a0 Il sera suivi le 20 novembre<br \/>\n\u00e0 19 heures d&rsquo;une table ronde. Pour plus d&rsquo;informations, voir ci-dessous.Cette exposition est destin\u00e9e \u00e0 circuler, n&rsquo;h\u00e9sitez pas \u00e0 nous contacter apr\u00e8s le 22 d\u00e9cembre pour organiser son d\u00e9placement plus pr\u00e8s de chez vous!A tr\u00e8s bient\u00f4t,<\/p>\n<div>\n<p><img loading=\"lazy\" decoding=\"async\" id=\"m_623236924710421080366899CC3-4BD1-4F17-ACFB-EEA712A7C610\" class=\"CToWUd a6T\" tabindex=\"0\" src=\"https:\/\/mail.google.com\/mail\/u\/0\/?ui=2&amp;ik=5e9070bb58&amp;view=fimg&amp;th=15f2a4870f2be1ab&amp;attid=0.1.1&amp;disp=emb&amp;attbid=ANGjdJ84gkr78kpNjRxiAf7yJd7MBkevK9EeEaDaihqaGdu7x2ttlO168D8VvvZwMJMT6kf63sqMV5kIIXPZgnT-IiDaMWUY_CPb4mp7IImo_xki_EWhMsUhDQEYV68&amp;sz=w1858-h2638&amp;ats=1508406740158&amp;rm=15f2a4870f2be1ab&amp;zw&amp;atsh=1\" width=\"929\" height=\"1319\" \/><\/p>\n<p><img loading=\"lazy\" decoding=\"async\" id=\"m_6232369247104210803A65F9082-8D9D-4A2C-ACCA-3F5DA14DC840\" class=\"CToWUd a6T\" tabindex=\"0\" src=\"https:\/\/mail.google.com\/mail\/u\/0\/?ui=2&amp;ik=5e9070bb58&amp;view=fimg&amp;th=15f2a4870f2be1ab&amp;attid=0.1.2&amp;disp=emb&amp;attbid=ANGjdJ8ILs2XD1f68xRvQjV6kLKSbewwBs0EfVRA-i0jbiovDHHGs4efFhB3oO5yca93g5feUAUXEj7NoNNdyoDu6hmZFi16jwvDGc9VL-iGXFrx6lJVoneASrh_HNs&amp;sz=w1858-h2638&amp;ats=1508406740158&amp;rm=15f2a4870f2be1ab&amp;zw&amp;atsh=1\" width=\"929\" height=\"1319\" \/><br \/>\nN&rsquo;h\u00e9sitez pas \u00e0 contacter Catherine Vassaux pour toute information compl\u00e9mentaire: \u00ab\u00a0Catherine Vassaux catherine.vassaux\u00a0\u00bb@<a href=\"http:\/\/area-asso.org\/\" target=\"_blank\" rel=\"noopener\" data-saferedirecturl=\"https:\/\/www.google.com\/url?hl=fr&amp;q=http:\/\/area-asso.org&amp;source=gmail&amp;ust=1508493140160000&amp;usg=AFQjCNEQ1ZELM_H8CAO7oDTksvWgY57sdA\">area-asso.<wbr \/>org<\/a><\/p>\n<div class=\"m_6232369247104210803moz-forward-container\"><\/div>\n<\/div>\n<\/div>\n<\/div>\n<\/div>\n<\/div>\n","protected":false},"excerpt":{"rendered":"<p>L&rsquo;association AREA a le plaisir de vous inviter au vernissage de l&rsquo;exposition \u00ab\u00a0Du bidonville \u00e0 la ville\u00a0\u00bb con\u00e7ue en partenariat avec le Centre d&rsquo;Art La Fen\u00eatre et le laboratoire de sociologie de l&rsquo;Universit\u00e9 Paul Val\u00e9ry, avec le soutien de la Fondation Abb\u00e9 Pierre et de La Cimade. Le vernissage aura lieu le 26 octobre \u00e0 [&hellip;]<\/p>\n","protected":false},"author":1,"featured_media":0,"comment_status":"open","ping_status":"open","sticky":false,"template":"","format":"standard","meta":{"footnotes":""},"categories":[3,10,18],"tags":[],"class_list":["post-13468","post","type-post","status-publish","format-standard","hentry","category-fabrique-du-droit","category-festivals-et-manifestations","category-migrants-roms"],"_links":{"self":[{"href":"https:\/\/archives.rencontrestsiganes.org\/index.php\/wp-json\/wp\/v2\/posts\/13468","targetHints":{"allow":["GET"]}}],"collection":[{"href":"https:\/\/archives.rencontrestsiganes.org\/index.php\/wp-json\/wp\/v2\/posts"}],"about":[{"href":"https:\/\/archives.rencontrestsiganes.org\/index.php\/wp-json\/wp\/v2\/types\/post"}],"author":[{"embeddable":true,"href":"https:\/\/archives.rencontrestsiganes.org\/index.php\/wp-json\/wp\/v2\/users\/1"}],"replies":[{"embeddable":true,"href":"https:\/\/archives.rencontrestsiganes.org\/index.php\/wp-json\/wp\/v2\/comments?post=13468"}],"version-history":[{"count":0,"href":"https:\/\/archives.rencontrestsiganes.org\/index.php\/wp-json\/wp\/v2\/posts\/13468\/revisions"}],"wp:attachment":[{"href":"https:\/\/archives.rencontrestsiganes.org\/index.php\/wp-json\/wp\/v2\/media?parent=13468"}],"wp:term":[{"taxonomy":"category","embeddable":true,"href":"https:\/\/archives.rencontrestsiganes.org\/index.php\/wp-json\/wp\/v2\/categories?post=13468"},{"taxonomy":"post_tag","embeddable":true,"href":"https:\/\/archives.rencontrestsiganes.org\/index.php\/wp-json\/wp\/v2\/tags?post=13468"}],"curies":[{"name":"wp","href":"https:\/\/api.w.org\/{rel}","templated":true}]}}