{"id":13390,"date":"2017-09-20T11:46:09","date_gmt":"2017-09-20T09:46:09","guid":{"rendered":"https:\/\/archives.rencontrestsiganes.org\/?p=13390"},"modified":"2017-09-20T11:46:09","modified_gmt":"2017-09-20T09:46:09","slug":"rassemblement-annuel-des-tsiganes-evangelistes","status":"publish","type":"post","link":"https:\/\/archives.rencontrestsiganes.org\/index.php\/2017\/09\/20\/rassemblement-annuel-des-tsiganes-evangelistes\/","title":{"rendered":"Rassemblement annuel des Tsiganes \u00e9vang\u00e9listes."},"content":{"rendered":"<p><img loading=\"lazy\" decoding=\"async\" class=\"alignleft wp-image-13393\" src=\"https:\/\/archives.rencontrestsiganes.org\/wp-content\/uploads\/rassemblmeent-2vanf-ge\u0301lique-2017-300x137.jpg\" alt=\"\" width=\"396\" height=\"181\" \/>Pr\u00e8s de 30 000 personnes, ce qui repr\u00e9sente plus de 6 000 caravanes, \u00a0se sont rassembl\u00e9es du 27 ao\u00fbt, date d&rsquo;ouverture du site, au dimanche 3 septembre, sur l\u2019ancienne base a\u00e9rienne militaire de Grostenquin (Moselle), pour la convention estivale du mouvement pentec\u00f4tiste \u00ab Vie et lumi\u00e8re \u00bb.<\/p>\n<p>&nbsp;<\/p>\n<p>&nbsp;<\/p>\n<p>&nbsp;<\/p>\n<p><strong>Gens du voyage \u00e0 Grostenquin : l&rsquo;organisateur regrette le \u00ab\u00a0manque de collaboration\u00a0\u00bb des \u00e9lus locaux<\/strong><\/p>\n<p>Par <a href=\"https:\/\/www.francebleu.fr\/les-equipes\/clement-lhuillier\">Cl\u00e9ment Lhuillier<\/a>, <a href=\"https:\/\/www.francebleu.fr\/lorraine-nord\">France Bleu Lorraine Nord<\/a> et <a href=\"https:\/\/www.francebleu.fr\/sud-lorraine\">France Bleu Sud Lorraine<\/a> lundi 21 ao\u00fbt 2017 \u00e0 18:52<\/p>\n<p>&nbsp;<\/p>\n<p style=\"text-align: right;\"><img loading=\"lazy\" decoding=\"async\" class=\" wp-image-13394 alignright\" src=\"https:\/\/archives.rencontrestsiganes.org\/wp-content\/uploads\/Rassemblement-Tziganes-evangeliques-Grostenquin-Moselle-2015_0_729_486-300x200.jpg\" alt=\"\" width=\"348\" height=\"232\" \/><\/p>\n<p>Les pr\u00e9paratifs du grand rassemblement de gens du voyage \u00e0 Grostenquin ont d\u00e9but\u00e9 sur la base a\u00e9rienne. Avant l&rsquo;ouverture des portes aux caravanes, mercredi matin, le pasteur Joseph Charpentier, organisateur du rassemblement, s&rsquo;exprime sur l&rsquo;hostilit\u00e9 des \u00e9lus et des riverains.<\/p>\n<p>L&rsquo;entr\u00e9e de l&rsquo;a\u00e9rodrome de Grostenquin est pour le moment solidement gard\u00e9e par les gendarmes. Seuls sont autoris\u00e9s \u00e0 entrer, les organisateurs de l&rsquo;association <em>Vie et Lumi\u00e8re<\/em> et quelques prestataires ext\u00e9rieurs venant livrer du mat\u00e9riel pour l&rsquo;installation du <a href=\"https:\/\/www.francebleu.fr\/infos\/societe\/d-1499668677\">grand rassemblement de gens du voyage<\/a> qui, officiellement, d\u00e9bute dimanche 27 ao\u00fbt. Mais la base ouvrira ses portes d\u00e9s mercredi pour accueillir les premi\u00e8res caravanes qui stationnent d\u00e9j\u00e0 un peu partout dans la r\u00e9gion. <strong>Entre 20.000 et 25.000 personnes<\/strong> doivent participer \u00e0 ce rassemblement \u00e9vang\u00e9lique, le troisi\u00e8me sur l&rsquo;a\u00e9rodrome de Grostenquin depuis 2006. <a href=\"https:\/\/www.francebleu.fr\/infos\/societe\/le-premier-ministre-promet-que-le-rassemblement-de-gens-du-voyage-soit-le-dernier-grostenquin-1501697618\">Un \u00e9v\u00e9nement que les \u00e9lus et les riverains ont tent\u00e9 par tous les moyens de faire annuler<\/a>, en vain. <strong>Le pasteur Joseph Charpentier, responsable de l&rsquo;association Vie et Lumi\u00e8re et organisateur de l&rsquo;\u00e9v\u00e9nement<\/strong> regrette cette attitude. C&rsquo;est devant les grilles de la base que nous avons pu le rencontrer.<\/p>\n<p><strong>Comment se passe l\u2019installation ?<\/strong><\/p>\n<p>Tr\u00e8s bien. Depuis trois jours nous installons des glissi\u00e8res de s\u00e9curit\u00e9 et des grumes sur la piste pour faire ralentir les v\u00e9hicules qui y circuleront. Nous installons les sanitaires et les derniers \u00e9l\u00e9ments pour que tout soit pr\u00eat \u00e0 l\u2019ouverture. Il faut acheminer beaucoup de mat\u00e9riel pour s\u00e9curiser les 120 hectares du site. Et ce n\u2019est pas avec l\u2019argent du contribuable ! L\u2019association (Vie et Lumi\u00e8re) prend financi\u00e8rement en charge le nettoyage, l\u2019enl\u00e8vement des d\u00e9chets, les pompiers, la Croix-Rouge\u2026 Cela repr\u00e9sente plusieurs milliers d\u2019euros. Et quand j\u2019engage mon nom au bas d\u2019un contrat, j\u2019honore toujours mes engagements.<\/p>\n<p><strong>Avez-vous de bonnes relations avec les autorit\u00e9s ?<\/strong><\/p>\n<p>Oui, particuli\u00e8rement avec la pr\u00e9fecture de la Moselle qui nous a aid\u00e9 \u00e0 mettre en \u0153uvre et \u00e0 pr\u00e9parer ce rassemblement. Nous avons une bonne collaboration et c\u2019est comme cela que nous devons travailler, pas en faisant la politique de l\u2019autruche. Je pense aux maires bien-s\u00fbr. Ce comportement de ne rien vouloir faire, de ne rien vouloir organiser avec nous, de ne pas venir aux r\u00e9unions, ce n\u2019est pas responsable.<\/p>\n<p>Je regrette l&rsquo;attitude des maires<\/p>\n<p><strong>Vous n\u2019\u00e9chappez pas, \u00e0 nouveau, \u00e0 la d\u00e9fiance des riverains\u2026<\/strong><\/p>\n<p>Cela ne nous a pas \u00e9chapp\u00e9 en effet. Nous sommes des gens du voyage, partout o\u00f9 nous passons il y a du rejet. Mais je crois qu\u2019il y a eu une m\u00e9diatisation disproportionn\u00e9e par rapport \u00e0 ce qui s\u2019est pass\u00e9 en 2015. Bien-s\u00fbr, il y a eu quelques champs souill\u00e9s par des d\u00e9tritus et quelques routes ab\u00eem\u00e9es. Mais ce n&rsquo;est pas la fin du monde. Et on peut rem\u00e9dier \u00e0 tout cela. C\u2019est pour cela que je regrette l\u2019attitude des maires. J\u2019aimerais pr\u00e9ciser aussi que j\u2019ai fait une demande \u00e0 l\u2019Etat pour avoir un lieu de rassemblement, et c\u2019est l\u2019Etat qui nous a impos\u00e9 Grostenquin. L\u2019association n\u2019a pas sp\u00e9cialement demand\u00e9 Grostenquin. Il est de plus en plus difficile pour nous d\u2019organiser nos rassemblements, parce que de nombreuses communes ne respectent pas leur obligation de disposer d\u2019aires de grand passage.<\/p>\n<p><strong>Avez-vous r\u00e9ellement envisag\u00e9 d\u2019acheter le site ?<\/strong><\/p>\n<p>Non, et je tiens \u00e0 rassurer la population, les maires, les d\u00e9put\u00e9s et les s\u00e9nateurs de la r\u00e9gion, il n\u2019en est pas question pour nous, cela ne nous int\u00e9resse pas.<\/p>\n<p>&nbsp;<\/p>\n","protected":false},"excerpt":{"rendered":"<p>Pr\u00e8s de 30 000 personnes, ce qui repr\u00e9sente plus de 6 000 caravanes, \u00a0se sont rassembl\u00e9es du 27 ao\u00fbt, date d&rsquo;ouverture du site, au dimanche 3 septembre, sur l\u2019ancienne base a\u00e9rienne militaire de Grostenquin (Moselle), pour la convention estivale du mouvement pentec\u00f4tiste \u00ab Vie et lumi\u00e8re \u00bb. &nbsp; &nbsp; &nbsp; Gens du voyage \u00e0 Grostenquin [&hellip;]<\/p>\n","protected":false},"author":1,"featured_media":0,"comment_status":"open","ping_status":"open","sticky":false,"template":"","format":"standard","meta":{"footnotes":""},"categories":[5,10],"tags":[],"class_list":["post-13390","post","type-post","status-publish","format-standard","hentry","category-culturehistoire","category-festivals-et-manifestations"],"_links":{"self":[{"href":"https:\/\/archives.rencontrestsiganes.org\/index.php\/wp-json\/wp\/v2\/posts\/13390","targetHints":{"allow":["GET"]}}],"collection":[{"href":"https:\/\/archives.rencontrestsiganes.org\/index.php\/wp-json\/wp\/v2\/posts"}],"about":[{"href":"https:\/\/archives.rencontrestsiganes.org\/index.php\/wp-json\/wp\/v2\/types\/post"}],"author":[{"embeddable":true,"href":"https:\/\/archives.rencontrestsiganes.org\/index.php\/wp-json\/wp\/v2\/users\/1"}],"replies":[{"embeddable":true,"href":"https:\/\/archives.rencontrestsiganes.org\/index.php\/wp-json\/wp\/v2\/comments?post=13390"}],"version-history":[{"count":0,"href":"https:\/\/archives.rencontrestsiganes.org\/index.php\/wp-json\/wp\/v2\/posts\/13390\/revisions"}],"wp:attachment":[{"href":"https:\/\/archives.rencontrestsiganes.org\/index.php\/wp-json\/wp\/v2\/media?parent=13390"}],"wp:term":[{"taxonomy":"category","embeddable":true,"href":"https:\/\/archives.rencontrestsiganes.org\/index.php\/wp-json\/wp\/v2\/categories?post=13390"},{"taxonomy":"post_tag","embeddable":true,"href":"https:\/\/archives.rencontrestsiganes.org\/index.php\/wp-json\/wp\/v2\/tags?post=13390"}],"curies":[{"name":"wp","href":"https:\/\/api.w.org\/{rel}","templated":true}]}}