{"id":1339,"date":"2015-03-12T11:29:02","date_gmt":"2015-03-12T10:29:02","guid":{"rendered":"http:\/\/rt.boullier.fr\/?p=1339"},"modified":"2015-03-12T11:29:02","modified_gmt":"2015-03-12T10:29:02","slug":"art1339","status":"publish","type":"post","link":"https:\/\/archives.rencontrestsiganes.org\/index.php\/2015\/03\/12\/art1339\/","title":{"rendered":"Le rappport d&rsquo;Amesty International sur la situation des Roms en France"},"content":{"rendered":"<p>FRANCE<br \/>\nR\u00e9publique fran\u00e7aise<\/p>\n<p style=\"text-align: justify;\">Cette ann\u00e9e encore, des Roms ont \u00e9t\u00e9 expuls\u00e9s de force de leurs campements pr\u00e9caires\u00a0; les personnes et les communaut\u00e9s concern\u00e9es n&rsquo;ont le plus souvent pas \u00e9t\u00e9 consult\u00e9es et ne se sont<br \/>\npas vu proposer de solution de relogement convenable. L&rsquo;impartialit\u00e9 et l&rsquo;exhaustivit\u00e9 des enqu\u00eates sur les all\u00e9gations de mauvais traitements inflig\u00e9s par la police restaient source de pr\u00e9occupation. Les couples de m\u00eame sexe ont \u00e9t\u00e9 autoris\u00e9s \u00e0 contracter un mariage civil \u00e0 la suite d&rsquo;une modification de la l\u00e9gislation en 2013.<\/p>\n<p style=\"text-align: justify;\">DISCRIMINATION &#8211; LES ROMS<\/p>\n<p style=\"text-align: justify;\">Selon des chiffres officiels, plus de 19 000 personnes vivaient au d\u00e9but de l&rsquo;ann\u00e9e dans 429 bidonvilles. La plupart d&rsquo;entre eux \u00e9taient des migrants roms originaires de Roumanie, de Bulgarie et de l&rsquo;ex-Yougoslavie. Les autorit\u00e9s fran\u00e7aises ont continu\u00e9 de proc\u00e9der \u00e0 des expulsions forc\u00e9es tout au long de l&rsquo;ann\u00e9e. Selon la<br \/>\nLigue des droits de l&rsquo;homme et le Centre europ\u00e9en pour les droits des Roms, plus de 11 000 personnes ont \u00e9t\u00e9 expuls\u00e9es de force<br \/>\nau cours des neuf premiers mois de l&rsquo;ann\u00e9e.<\/p>\n<p style=\"text-align: justify;\">La ministre de l&rsquo;\u00c9galit\u00e9 des territoires et du Logement a annonc\u00e9 le 31 janvier un plan visant \u00e0 fournir des solutions de logement<br \/>\ndans la dur\u00e9e aux habitants des bidonvilles. Une convention a \u00e9t\u00e9 sign\u00e9e le 28 f\u00e9vrier entre le gouvernement et Adoma, un<br \/>\nfournisseur d&rsquo;h\u00e9bergement financ\u00e9 par l&rsquo;\u00c9tat, et quelques communaut\u00e9s expuls\u00e9es de campements de fortune se sont vu proposer un relogement.<br \/>\nEn d\u00e9pit de ces \u00e9volutions, la plupart des personnes et des familles expuls\u00e9es n&rsquo;ont semble-t-il pas \u00e9t\u00e9 relog\u00e9es. C&rsquo;est ainsi que<br \/>\nle 18 juin, quelque 400 personnes ont \u00e9t\u00e9 expuls\u00e9es par la force de La Parette, le plus grand campement pr\u00e9caire de Marseille.<br \/>\nSeules 18 familles (150 personnes), se sont vu proposer un h\u00e9bergement de remplacement.<br \/>\nLe 21 octobre, plus de 300 personnes ont \u00e9t\u00e9 expuls\u00e9es de force du campement du quartier des Coquetiers, \u00e0 Bobigny, en banlieue parisienne, \u00e0 la suite d&rsquo;un arr\u00eat\u00e9 municipal ordonnant l&rsquo;\u00e9vacuation.<\/p>\n<p style=\"text-align: justify;\">Selon les autorit\u00e9s, 134 familles se sont vu proposer une solution de relogement. Plus de 100 auraient quitt\u00e9 le campement avant<br \/>\nl&rsquo;\u00e9vacuation car on ne leur avait fait aucune proposition de relogement. Une soixantaine de personnes ont \u00e9t\u00e9 expuls\u00e9es de force et se sont vu proposer un h\u00e9bergement provisoire<br \/>\n\u00e0 Paris1.<\/p>\n<p style=\"text-align: justify;\">Les autorit\u00e9s ne recueillaient pas de donn\u00e9es officielles sur les crimes et d\u00e9lits motiv\u00e9s par la haine et sp\u00e9cifiquement dirig\u00e9s<br \/>\ncontre les Roms, mais des organisations de la soci\u00e9t\u00e9 civile ont signal\u00e9 plusieurs attaques violentes visant des membres de<br \/>\ncette minorit\u00e9. Le fait que, dans les enqu\u00eates sur ces actes, les autorit\u00e9s ne prenaient le plus souvent pas en compte les motifs<br \/>\ndiscriminatoires qui pouvaient sous-tendre les violences restait source de pr\u00e9occupation.<\/p>\n<p style=\"text-align: justify;\">L&rsquo;enqu\u00eate p\u00e9nale ouverte contre quatre policiers qui avaient bless\u00e9 un Rom en novembre 2011 lors d&rsquo;une expulsion forc\u00e9e \u00e0 Marseille n&rsquo;\u00e9tait pas termin\u00e9e \u00e0 la fin de l&rsquo;ann\u00e9e 2.<\/p>\n","protected":false},"excerpt":{"rendered":"<p>Une fois de plus ce rapport met en question la politique de la France envers les Roms migrants <\/p>\n","protected":false},"author":1,"featured_media":0,"comment_status":"closed","ping_status":"closed","sticky":false,"template":"","format":"standard","meta":{"footnotes":""},"categories":[8,18],"tags":[51,90,94],"class_list":["post-1339","post","type-post","status-publish","format-standard","hentry","category-discriminations-racisme","category-migrants-roms","tag-discriminations","tag-rapports","tag-mot21"],"_links":{"self":[{"href":"https:\/\/archives.rencontrestsiganes.org\/index.php\/wp-json\/wp\/v2\/posts\/1339","targetHints":{"allow":["GET"]}}],"collection":[{"href":"https:\/\/archives.rencontrestsiganes.org\/index.php\/wp-json\/wp\/v2\/posts"}],"about":[{"href":"https:\/\/archives.rencontrestsiganes.org\/index.php\/wp-json\/wp\/v2\/types\/post"}],"author":[{"embeddable":true,"href":"https:\/\/archives.rencontrestsiganes.org\/index.php\/wp-json\/wp\/v2\/users\/1"}],"replies":[{"embeddable":true,"href":"https:\/\/archives.rencontrestsiganes.org\/index.php\/wp-json\/wp\/v2\/comments?post=1339"}],"version-history":[{"count":0,"href":"https:\/\/archives.rencontrestsiganes.org\/index.php\/wp-json\/wp\/v2\/posts\/1339\/revisions"}],"wp:attachment":[{"href":"https:\/\/archives.rencontrestsiganes.org\/index.php\/wp-json\/wp\/v2\/media?parent=1339"}],"wp:term":[{"taxonomy":"category","embeddable":true,"href":"https:\/\/archives.rencontrestsiganes.org\/index.php\/wp-json\/wp\/v2\/categories?post=1339"},{"taxonomy":"post_tag","embeddable":true,"href":"https:\/\/archives.rencontrestsiganes.org\/index.php\/wp-json\/wp\/v2\/tags?post=1339"}],"curies":[{"name":"wp","href":"https:\/\/api.w.org\/{rel}","templated":true}]}}