{"id":13333,"date":"2017-07-09T08:55:07","date_gmt":"2017-07-09T06:55:07","guid":{"rendered":"https:\/\/archives.rencontrestsiganes.org\/?p=13333"},"modified":"2017-07-09T08:55:07","modified_gmt":"2017-07-09T06:55:07","slug":"a-arles-avec-mathieu-pernot-et-la-famille-gorgan","status":"publish","type":"post","link":"https:\/\/archives.rencontrestsiganes.org\/index.php\/2017\/07\/09\/a-arles-avec-mathieu-pernot-et-la-famille-gorgan\/","title":{"rendered":"A Arles, avec Mathieu  PERNOT et la famille  Gorgan"},"content":{"rendered":"<p><img loading=\"lazy\" decoding=\"async\" class=\"alignleft size-medium wp-image-13335\" src=\"https:\/\/archives.rencontrestsiganes.org\/wp-content\/uploads\/Arles-Gorgan-3-300x179.jpg\" alt=\"\" width=\"300\" height=\"179\" \/>Le photographe Mathieu PERNOT nous revient \u00e0 Arles,\u00a0 ville dont il est originaire, et o\u00f9 il a cr\u00e9\u00e9, durant 20 ans avec la famille GORGAN,\u00a0 des relations\u00a0 de confiance et d&rsquo;amiti\u00e9s .<img loading=\"lazy\" decoding=\"async\" class=\"alignleft size-medium wp-image-13336\" src=\"https:\/\/archives.rencontrestsiganes.org\/wp-content\/uploads\/Arles-Gorgan-2-228x300.jpg\" alt=\"\" width=\"228\" height=\"300\" \/><\/p>\n<p>A l&rsquo;occasion des Rencontres Internationales de la Photographie, plusieurs articles et reportages d\u00e9crivent la vie quotidienne de cette grande famille de Tsigane-Manouche\u00a0 \u00e0 la r\u00e9putation un peu sulfureuse.\u00a0 Grace au travail de ce photographe, respectueux\u00a0 de la dignit\u00e9 de ceux qu&rsquo;il mets en sc\u00e8ne, la grande familles des Tsiganes , Gitans , Manouches et autres voyageurs\u00a0 peut redresser la t\u00eate et\u00a0 revendiquer le respect de leurs origines et de leurs\u00a0 cultures .<img loading=\"lazy\" decoding=\"async\" class=\"alignleft size-medium wp-image-13337\" src=\"https:\/\/archives.rencontrestsiganes.org\/wp-content\/uploads\/Arles-Gorgan-1-300x189.jpg\" alt=\"\" width=\"300\" height=\"189\" \/><\/p>\n","protected":false},"excerpt":{"rendered":"<p>Le photographe Mathieu PERNOT nous revient \u00e0 Arles,\u00a0 ville dont il est originaire, et o\u00f9 il a cr\u00e9\u00e9, durant 20 ans avec la famille GORGAN,\u00a0 des relations\u00a0 de confiance et d&rsquo;amiti\u00e9s . A l&rsquo;occasion des Rencontres Internationales de la Photographie, plusieurs articles et reportages d\u00e9crivent la vie quotidienne de cette grande famille de Tsigane-Manouche\u00a0 \u00e0 [&hellip;]<\/p>\n","protected":false},"author":1,"featured_media":0,"comment_status":"open","ping_status":"open","sticky":false,"template":"","format":"standard","meta":{"footnotes":""},"categories":[5,10,11],"tags":[],"class_list":["post-13333","post","type-post","status-publish","format-standard","hentry","category-culturehistoire","category-festivals-et-manifestations","category-gens-du-voyage"],"_links":{"self":[{"href":"https:\/\/archives.rencontrestsiganes.org\/index.php\/wp-json\/wp\/v2\/posts\/13333","targetHints":{"allow":["GET"]}}],"collection":[{"href":"https:\/\/archives.rencontrestsiganes.org\/index.php\/wp-json\/wp\/v2\/posts"}],"about":[{"href":"https:\/\/archives.rencontrestsiganes.org\/index.php\/wp-json\/wp\/v2\/types\/post"}],"author":[{"embeddable":true,"href":"https:\/\/archives.rencontrestsiganes.org\/index.php\/wp-json\/wp\/v2\/users\/1"}],"replies":[{"embeddable":true,"href":"https:\/\/archives.rencontrestsiganes.org\/index.php\/wp-json\/wp\/v2\/comments?post=13333"}],"version-history":[{"count":0,"href":"https:\/\/archives.rencontrestsiganes.org\/index.php\/wp-json\/wp\/v2\/posts\/13333\/revisions"}],"wp:attachment":[{"href":"https:\/\/archives.rencontrestsiganes.org\/index.php\/wp-json\/wp\/v2\/media?parent=13333"}],"wp:term":[{"taxonomy":"category","embeddable":true,"href":"https:\/\/archives.rencontrestsiganes.org\/index.php\/wp-json\/wp\/v2\/categories?post=13333"},{"taxonomy":"post_tag","embeddable":true,"href":"https:\/\/archives.rencontrestsiganes.org\/index.php\/wp-json\/wp\/v2\/tags?post=13333"}],"curies":[{"name":"wp","href":"https:\/\/api.w.org\/{rel}","templated":true}]}}