{"id":1331,"date":"2015-02-05T15:08:46","date_gmt":"2015-02-05T14:08:46","guid":{"rendered":"http:\/\/rt.boullier.fr\/?p=1331"},"modified":"2015-02-05T15:08:46","modified_gmt":"2015-02-05T14:08:46","slug":"art1331","status":"publish","type":"post","link":"https:\/\/archives.rencontrestsiganes.org\/index.php\/2015\/02\/05\/art1331\/","title":{"rendered":"Les s\u00e9dentaires dans les Bouches-du-Rh\u00f4ne"},"content":{"rendered":"<p style=\"text-align: justify;\">&nbsp;Voil\u00e0 de nombreuses ann\u00e9es que nous&nbsp;d\u00e9non\u00e7ons le silence de l&rsquo;administration et des \u00e9lus sur la&nbsp;s\u00e9dentarisation totale ou partielle de tr\u00e8s nombreuses familles de voyageurs dans le d\u00e9partement mais aussi dans l&rsquo;ensemble de la R\u00e9gion Provence-Alpes-C\u00f4te-d&rsquo;Azur. <\/p>\n<p style=\"text-align: justify;\">Une \u00e9tude vient d&rsquo;\u00eatre enfin confi\u00e9e \u00e0 un bureau d&rsquo;\u00e9tude(1) qui doit rendre son son rapport dans trois mois. Nous avons regrett\u00e9 de n&rsquo;avoir pas \u00e9t\u00e9 associ\u00e9s au cahier des charges&nbsp;et nous&nbsp;estimons que ce travail ne sera que partiel. Nous avons cependant accept\u00e9&nbsp;de prendre notre part \u00e0 ce travail indispensable&nbsp;et urgent. Nous insisterons sur les cons\u00e9quences juridiques sociales et techniques&nbsp;qui devront n\u00e9cessairement \u00eatre prises&nbsp;\u00e0 l&rsquo;issu de ce travail.&nbsp;<\/p>\n<p style=\"text-align: justify;\"><\/p>\n<p style=\"text-align: justify;\">(1) Noel de Coligny.<br \/>Consultant urbanisme et ing\u00e9nierie sociale.<\/p>\n","protected":false},"excerpt":{"rendered":"<p>Une nouvelle \u00e9tude est enfin engag\u00e9e dans les Bouches-du-Rh\u00f4ne afin de mieux conna\u00eetre les conditions de la s\u00e9dentarisation.  <\/p>\n","protected":false},"author":1,"featured_media":0,"comment_status":"closed","ping_status":"closed","sticky":false,"template":"","format":"standard","meta":{"footnotes":""},"categories":[12,13],"tags":[],"class_list":["post-1331","post","type-post","status-publish","format-standard","hentry","category-habitat","category-habitat-sedentaire"],"_links":{"self":[{"href":"https:\/\/archives.rencontrestsiganes.org\/index.php\/wp-json\/wp\/v2\/posts\/1331","targetHints":{"allow":["GET"]}}],"collection":[{"href":"https:\/\/archives.rencontrestsiganes.org\/index.php\/wp-json\/wp\/v2\/posts"}],"about":[{"href":"https:\/\/archives.rencontrestsiganes.org\/index.php\/wp-json\/wp\/v2\/types\/post"}],"author":[{"embeddable":true,"href":"https:\/\/archives.rencontrestsiganes.org\/index.php\/wp-json\/wp\/v2\/users\/1"}],"replies":[{"embeddable":true,"href":"https:\/\/archives.rencontrestsiganes.org\/index.php\/wp-json\/wp\/v2\/comments?post=1331"}],"version-history":[{"count":0,"href":"https:\/\/archives.rencontrestsiganes.org\/index.php\/wp-json\/wp\/v2\/posts\/1331\/revisions"}],"wp:attachment":[{"href":"https:\/\/archives.rencontrestsiganes.org\/index.php\/wp-json\/wp\/v2\/media?parent=1331"}],"wp:term":[{"taxonomy":"category","embeddable":true,"href":"https:\/\/archives.rencontrestsiganes.org\/index.php\/wp-json\/wp\/v2\/categories?post=1331"},{"taxonomy":"post_tag","embeddable":true,"href":"https:\/\/archives.rencontrestsiganes.org\/index.php\/wp-json\/wp\/v2\/tags?post=1331"}],"curies":[{"name":"wp","href":"https:\/\/api.w.org\/{rel}","templated":true}]}}