{"id":13282,"date":"2017-04-24T11:58:55","date_gmt":"2017-04-24T09:58:55","guid":{"rendered":"https:\/\/archives.rencontrestsiganes.org\/?p=13282"},"modified":"2017-04-24T11:58:55","modified_gmt":"2017-04-24T09:58:55","slug":"les-enjeux-dune-election","status":"publish","type":"post","link":"https:\/\/archives.rencontrestsiganes.org\/index.php\/2017\/04\/24\/les-enjeux-dune-election\/","title":{"rendered":"Les enjeux d\u2019une \u00e9lection"},"content":{"rendered":"<p>La campagne \u00e9lectorale qui s\u2019ach\u00e8vera le 7 mai prochain (ouf\u00a0!) a en partie laiss\u00e9 dans l\u2019ombre les sujets qui depuis de longues ann\u00e9es nous mobilisent pour qu\u2019en France les droits des minorit\u00e9s et tout sp\u00e9cialement ceux de la communaut\u00e9 des Roms\/Tsiganes soient reconnus et respect\u00e9s. Avec d\u2019autres, nous avons pu constater depuis quelques mois des avanc\u00e9es significatives sur le plan l\u00e9gislatif (vote de la loi Egalit\u00e9 et Citoyennet\u00e9 le 28 janvier 2017). Ces progr\u00e8s doivent cependant trouver leurs traductions concr\u00e8tes dans la vie de tous les jours et dans la reconnaissance effective de l\u2019\u00e9galit\u00e9 de ces droits.<\/p>\n<p>A l\u2019\u00e9vidence, comme le montrent les \u00e9v\u00e8nements qui nous ont mobilis\u00e9s ces derni\u00e8res semaines (<em>Conflits avec ERDF, expulsions des bidonvilles \u00e0 Marseille etc\u2026<\/em>) on est loin du compte. Ce n\u2019est donc pas le moment de baisser les bras. Le rapport de la Commission Nationale Consultative des Droits de l\u2019Homme est l\u00e0 pour nous rappeler que le racisme est encore largement r\u00e9pandu dans la soci\u00e9t\u00e9 et dans tous les milieux et qu\u2019il ne suffira pas d\u2019une loi pour l\u2019\u00e9radiquer.<\/p>\n<p>Les propos et les slogans x\u00e9nophobes ou racistes entendus au court de cette trop longue campagne sont l\u00e0 pour nous faire craindre que le retour aux pires moments de l\u2019histoire\u00a0\u00a0 demeure possible.\u00a0 L\u2019exposition des tableaux de l\u2019artiste Rom autrichienne CEIJA STOJKA \u00e0 la Friche de la Belle de Mai \u00e0 Marseille nous oblige \u00e0 ne pas n\u00e9gliger cette barbarie que l\u2019on pensait d\u2019un autre \u00e2ge.<\/p>\n<p>Quelles que soient nos d\u00e9sillusions sur le syst\u00e8me politique qui nous est propos\u00e9, il faut \u00e9viter le pire et poursuivre avec t\u00e9nacit\u00e9 le combat pour l\u2019\u00e9galit\u00e9 des droits ou s\u2019opposant \u00e0 toutes formes de discrimination d\u2019o\u00f9 qu\u2019elles viennent, ethniques, culturelles, sociales, religieuses. Notre bulletin de vote\u00a0 \u00e0 encore un sens.<\/p>\n<p>Marseille le 24 avril\u00a0 2017<\/p>\n<p>Alain FOUREST<\/p>\n<p>PS ci-joint le bon conseil qu\u2019un\u00a0 ami donne aux h\u00e9sitants: sourions un peu\u00a0 !!!<img loading=\"lazy\" decoding=\"async\" class=\"alignleft size-medium wp-image-13284\" src=\"https:\/\/archives.rencontrestsiganes.org\/wp-content\/uploads\/18033381_10213408064055269_250027483716636313_n-300x225.jpg\" alt=\"\" width=\"300\" height=\"225\" \/><\/p>\n<p><em><span id=\"fbPhotoSnowliftCaption\" class=\"fbPhotosPhotoCaption\" tabindex=\"0\" data-ft=\"{&quot;tn&quot;:&quot;K&quot;}\"><span class=\"hasCaption\">Ami frontiste, n&rsquo;oublie pas de dessiner un c\u0153ur sur le bulletin de Marine avant de le glisser dans l&rsquo;urne pour lui prouver ton amour ! C&rsquo;est tr\u00e8s important ! Merci pour elle ! Bisous !<\/span><\/span><\/em><\/p>\n","protected":false},"excerpt":{"rendered":"<p>La campagne \u00e9lectorale qui s\u2019ach\u00e8vera le 7 mai prochain (ouf\u00a0!) a en partie laiss\u00e9 dans l\u2019ombre les sujets qui depuis de longues ann\u00e9es nous mobilisent pour qu\u2019en France les droits des minorit\u00e9s et tout sp\u00e9cialement ceux de la communaut\u00e9 des Roms\/Tsiganes soient reconnus et respect\u00e9s. Avec d\u2019autres, nous avons pu constater depuis quelques mois des [&hellip;]<\/p>\n","protected":false},"author":1,"featured_media":0,"comment_status":"open","ping_status":"open","sticky":false,"template":"","format":"standard","meta":{"footnotes":""},"categories":[3],"tags":[],"class_list":["post-13282","post","type-post","status-publish","format-standard","hentry","category-fabrique-du-droit"],"_links":{"self":[{"href":"https:\/\/archives.rencontrestsiganes.org\/index.php\/wp-json\/wp\/v2\/posts\/13282","targetHints":{"allow":["GET"]}}],"collection":[{"href":"https:\/\/archives.rencontrestsiganes.org\/index.php\/wp-json\/wp\/v2\/posts"}],"about":[{"href":"https:\/\/archives.rencontrestsiganes.org\/index.php\/wp-json\/wp\/v2\/types\/post"}],"author":[{"embeddable":true,"href":"https:\/\/archives.rencontrestsiganes.org\/index.php\/wp-json\/wp\/v2\/users\/1"}],"replies":[{"embeddable":true,"href":"https:\/\/archives.rencontrestsiganes.org\/index.php\/wp-json\/wp\/v2\/comments?post=13282"}],"version-history":[{"count":0,"href":"https:\/\/archives.rencontrestsiganes.org\/index.php\/wp-json\/wp\/v2\/posts\/13282\/revisions"}],"wp:attachment":[{"href":"https:\/\/archives.rencontrestsiganes.org\/index.php\/wp-json\/wp\/v2\/media?parent=13282"}],"wp:term":[{"taxonomy":"category","embeddable":true,"href":"https:\/\/archives.rencontrestsiganes.org\/index.php\/wp-json\/wp\/v2\/categories?post=13282"},{"taxonomy":"post_tag","embeddable":true,"href":"https:\/\/archives.rencontrestsiganes.org\/index.php\/wp-json\/wp\/v2\/tags?post=13282"}],"curies":[{"name":"wp","href":"https:\/\/api.w.org\/{rel}","templated":true}]}}