{"id":13210,"date":"2017-03-24T10:10:33","date_gmt":"2017-03-24T09:10:33","guid":{"rendered":"https:\/\/archives.rencontrestsiganes.org\/?p=13210"},"modified":"2017-03-24T10:10:33","modified_gmt":"2017-03-24T09:10:33","slug":"la-culture-dans-tous-ses-etats","status":"publish","type":"post","link":"https:\/\/archives.rencontrestsiganes.org\/index.php\/2017\/03\/24\/la-culture-dans-tous-ses-etats\/","title":{"rendered":"LA CULTURE dans tous ses \u00e9tats."},"content":{"rendered":"<p><strong>\u00a0<\/strong><\/p>\n<p>Rendons ici hommage \u00e0 cette \u00e9quipe de b\u00e9n\u00e9voles qui depuis 10 ans a affront\u00e9 tous les obstacles pour nous proposer une nouvelle fois une quinzaine riche en \u00e9motions, en d\u00e9bats, et en d\u00e9couvertes sur la culture tsigane d\u2019ici et d\u2019ailleurs. Le festival LATCHO DIVANO est de retour, plus riche et plus diversifi\u00e9 que jamais. :<img loading=\"lazy\" decoding=\"async\" class=\"size-full wp-image-13211 alignleft\" src=\"https:\/\/archives.rencontrestsiganes.org\/wp-content\/uploads\/Latcho-Divano-.jpg\" alt=\"\" width=\"200\" height=\"200\" \/><\/p>\n<p><strong>\u00a0<\/strong><\/p>\n<p><strong>Demandez le programme. Il y en a pour tous les go\u00fbts\u00a0\u00a0 !!!! <\/strong><a href=\"http:\/\/www.latcho-divano.com\">www.latcho-divano.com<\/a><\/p>\n<p>&nbsp;<\/p>\n<p>&nbsp;<\/p>\n<p>La pr\u00e9sentation de ce programme \u00e0 la friche de la Belle de Mai \u00e0 Marseille a donn\u00e9 lieu \u00e0 une visite comment\u00e9e de l\u2019exposition consacr\u00e9e \u00e0 l\u2019\u0153uvre de <strong>l\u2019artiste Rom autrichienne CEIJA STOJKA.<\/strong> R\u00e9cemment d\u00e9couverte, cette peintre \u201cna\u00efve\u201c exprime \u00e0 sa mani\u00e8re, tout autant les horreurs des camps nazis que sa joie de vivre. Une visite \u00e0 la friche s\u2019impose absolument avant le 16 avril. Les \u0153uvres compl\u00e8tes feront l\u2019objet d\u2019une r\u00e9trospective \u00e0 Paris, dans un an, \u00e0 la \u201cMaison Rouge\u201c.<img loading=\"lazy\" decoding=\"async\" class=\"size-medium wp-image-13225 alignright\" src=\"https:\/\/archives.rencontrestsiganes.org\/wp-content\/uploads\/2_cs_site-2-6e859-300x214.jpg\" alt=\"\" width=\"300\" height=\"214\" \/><\/p>\n<p>&nbsp;<\/p>\n<p>La connaissance des \u201cautres cultures\u201c et de la \u201cculture des autres\u201c est c\u0153ur du projet de l\u2019association Rencontres Tsiganes qui, dans son <strong>centre de ressources<\/strong>, 34 cours Julien \u00e0 Marseille, \u00a0rassemble \u00e0 destination du public une documentation compl\u00e8te (Livres, revues, films, vid\u00e9os, photos etc..) sur les cultures tsiganes \u00e0 travers le vaste monde. <em>: <\/em><em>\u00ab\u00a0Dans son sens le plus large, selon<\/em> l\u2019UNESCO, <em>la culture peut aujourd&rsquo;hui \u00eatre consid\u00e9r\u00e9e comme l&rsquo;ensemble des traits distinctifs, spirituels et mat\u00e9riels, intellectuels et affectifs, qui caract\u00e9risent une soci\u00e9t\u00e9 un groupe social. Elle englobe, outre les arts et les lettres, les modes de vie, les droits fondamentaux de l&rsquo;\u00eatre humain, les syst\u00e8mes de valeur, les traditions et les croyances.\u00a0\u00bb <\/em>Dans le langage courant, l\u2019expression \u2018culture tsigane\u2019 peut donc \u00eatre pris pour inadapt\u00e9e car elle fait quasi exclusivement r\u00e9f\u00e9rence \u00e0 l\u2019offre de pratiques culturelles, \u00a0rejetant ainsi dans un autre d\u00e9bat ce r\u00e9servoir commun constitu\u00e9 de mani\u00e8res distinctes de penser,\u00a0d\u2019agir et de communiquer.<\/p>\n<p>&nbsp;<\/p>\n<p>Cette conception de la culture a \u00e9t\u00e9 partag\u00e9e par la Ministre de la culture Audrey AZOULAY. Le 22 septembre 2016 elle a cosign\u00e9 avec les repr\u00e9sentants des associations de Tsiganes et Gens du Voyage une <strong>charte d\u2019objectifs culture<\/strong> qui se donne pour but\u00a0:\u00a0\u00ab\u00a0<strong><em>modifier le regard que la soci\u00e9t\u00e9 porte sur les minorit\u00e9s culturelles qui la composent\u00a0: pr\u00e9vention du rejet, lutte contre la discrimination, l\u2019intol\u00e9rance et le racisme \u2026.\u00a0\u00bb<\/em><\/strong><\/p>\n<p>&nbsp;<\/p>\n<p>Reste \u00e0 donner une signification concr\u00e8te \u00e0 ces louables intentions et \u00e0 mobiliser sur le terrain tous ceux\u00a0: acteurs de la vie culturelle, artistes, et militants associatifs pour que la culture soit, au-del\u00e0 d\u2019un festival, \u00a0au centre de notre projet de vivre ensemble.<\/p>\n<p>&nbsp;<\/p>\n<p>Marseille le 20\/03\/2017<\/p>\n<p>&nbsp;<\/p>\n<p>Alain FOUREST<\/p>\n<p>http:\/\/www.telerama.fr\/scenes\/ceija-stojka-l-artiste-rom-rechappee-des-camps,155471.php<\/p>\n<p>&nbsp;<\/p>\n","protected":false},"excerpt":{"rendered":"<p>\u00a0 Rendons ici hommage \u00e0 cette \u00e9quipe de b\u00e9n\u00e9voles qui depuis 10 ans a affront\u00e9 tous les obstacles pour nous proposer une nouvelle fois une quinzaine riche en \u00e9motions, en d\u00e9bats, et en d\u00e9couvertes sur la culture tsigane d\u2019ici et d\u2019ailleurs. Le festival LATCHO DIVANO est de retour, plus riche et plus diversifi\u00e9 que jamais. [&hellip;]<\/p>\n","protected":false},"author":1,"featured_media":0,"comment_status":"open","ping_status":"open","sticky":false,"template":"","format":"standard","meta":{"footnotes":""},"categories":[5,9,10,16,20],"tags":[],"class_list":["post-13210","post","type-post","status-publish","format-standard","hentry","category-culturehistoire","category-editos","category-festivals-et-manifestations","category-rub82","category-non-classe"],"_links":{"self":[{"href":"https:\/\/archives.rencontrestsiganes.org\/index.php\/wp-json\/wp\/v2\/posts\/13210","targetHints":{"allow":["GET"]}}],"collection":[{"href":"https:\/\/archives.rencontrestsiganes.org\/index.php\/wp-json\/wp\/v2\/posts"}],"about":[{"href":"https:\/\/archives.rencontrestsiganes.org\/index.php\/wp-json\/wp\/v2\/types\/post"}],"author":[{"embeddable":true,"href":"https:\/\/archives.rencontrestsiganes.org\/index.php\/wp-json\/wp\/v2\/users\/1"}],"replies":[{"embeddable":true,"href":"https:\/\/archives.rencontrestsiganes.org\/index.php\/wp-json\/wp\/v2\/comments?post=13210"}],"version-history":[{"count":0,"href":"https:\/\/archives.rencontrestsiganes.org\/index.php\/wp-json\/wp\/v2\/posts\/13210\/revisions"}],"wp:attachment":[{"href":"https:\/\/archives.rencontrestsiganes.org\/index.php\/wp-json\/wp\/v2\/media?parent=13210"}],"wp:term":[{"taxonomy":"category","embeddable":true,"href":"https:\/\/archives.rencontrestsiganes.org\/index.php\/wp-json\/wp\/v2\/categories?post=13210"},{"taxonomy":"post_tag","embeddable":true,"href":"https:\/\/archives.rencontrestsiganes.org\/index.php\/wp-json\/wp\/v2\/tags?post=13210"}],"curies":[{"name":"wp","href":"https:\/\/api.w.org\/{rel}","templated":true}]}}