{"id":1314,"date":"2014-12-08T16:04:42","date_gmt":"2014-12-08T15:04:42","guid":{"rendered":"http:\/\/rt.boullier.fr\/?p=1314"},"modified":"2014-12-08T16:04:42","modified_gmt":"2014-12-08T15:04:42","slug":"art1314","status":"publish","type":"post","link":"https:\/\/archives.rencontrestsiganes.org\/index.php\/2014\/12\/08\/art1314\/","title":{"rendered":"Charte pour le respect des droits et la dignit\u00e9 des occupants de terrains"},"content":{"rendered":"<p style=\"text-align: justify;\"><strong>L&rsquo;ignorance, l&rsquo;oubli ou le m\u00e9pris des droits de l&rsquo;Homme sont la seule cause des malheurs publics.<\/strong><\/p>\n<p><strong>(Pr\u00e9ambule de la D\u00e9claration des droits de l&rsquo;Homme et du citoyen du 26 ao\u00fbt 1789)<\/strong><\/p>\n<p style=\"text-align: justify;\">PR\u00c9AMBULE<\/p>\n<p style=\"text-align: justify;\">Les organisations \u00e0 l&rsquo;initiative de cette Charte constatent, qu&rsquo;en France, l&rsquo;exclusion des plus d\u00e9munis et leur pr\u00e9carisation entrainent<br \/>\nune r\u00e9surgence des occupations ill\u00e9gales de terrains par n\u00e9cessit\u00e9, g\u00e9n\u00e9rant de nombreux habitats pr\u00e9caires et parfois l&rsquo;implantation de bidonvilles.<br \/>\nLe nombre croissant d&rsquo;expulsions et d&rsquo;\u00e9vacuations qui visent les occupants de ces terrains conduit \u00e0 une aggravation manifeste de leurs conditions de vie. Elles sont trop souvent men\u00e9es au m\u00e9pris des normes et principes fondamentaux, nationaux et internationaux, encadrant leur<br \/>\nmise en oeuvre.<br \/>\nLa France a d\u00e9j\u00e0 \u00e9t\u00e9 condamn\u00e9e par les instances europ\u00e9ennes et internationales \u00e0 ce sujet.<br \/>\nIl est essentiel qu&rsquo;un juste \u00e9quilibre soit assur\u00e9 entre le droit de propri\u00e9t\u00e9 \u00e0 valeur constitutionnelle et les droits fondamentaux des occupants,<br \/>\nnotamment leur droit au logement. L&rsquo;objectif poursuivi n&rsquo;est pas de faire perdurer l&rsquo;existence des bidonvilles ou d&rsquo;autres types d&rsquo;habitats pr\u00e9caires<br \/>\nmais d&rsquo;am\u00e9liorer les conditions de vie de leurs occupants dans l&rsquo;attente de solutions de relogement dignes et p\u00e9rennes.<br \/>\nCette Charte s&rsquo;appuie sur le droit fran\u00e7ais, europ\u00e9en et international pour rappeler les droits des personnes mais \u00e9galement les obligations<br \/>\nde l&rsquo;ensemble des acteurs publics ou priv\u00e9s intervenant dans le cadre d&rsquo;occupation sans titre de terrains.<br \/>\nLes droits et obligations, consign\u00e9s dans cette Charte, concernent toutes les \u00e9tapes de la vie sur un terrain, de son installation \u00e0 son expulsion<br \/>\nou \u00e9vacuation, selon qu&rsquo;elle repose sur une d\u00e9cision de justice ou sur un arr\u00eat\u00e9 administratif, sans oublier la mise en place imp\u00e9rative d&rsquo;alternatives<br \/>\nde relogement adapt\u00e9es.<br \/>\nLes organisations \u00e0 l&rsquo;initiative de cette Charte s&rsquo;engagent \u00e0 la promouvoir et \u00e0 la diffuser aux personnes concern\u00e9es en exigeant le respect<br \/>\ndes principes \u00e9nonc\u00e9s.<\/p>\n<p style=\"text-align: justify;\">Lire le texte complet de la Charte en pi\u00e8ce jointe<\/p>\n","protected":false},"excerpt":{"rendered":"<p>Ce document sign\u00e9 par un grand nombre d&rsquo;organisations rappelle que le droit \u00e0 un habitat d\u00e9cent demeure une priorit\u00e9 nationale absolue.   <\/p>\n","protected":false},"author":1,"featured_media":0,"comment_status":"closed","ping_status":"closed","sticky":false,"template":"","format":"standard","meta":{"footnotes":""},"categories":[12,13],"tags":[],"class_list":["post-1314","post","type-post","status-publish","format-standard","hentry","category-habitat","category-habitat-sedentaire"],"_links":{"self":[{"href":"https:\/\/archives.rencontrestsiganes.org\/index.php\/wp-json\/wp\/v2\/posts\/1314","targetHints":{"allow":["GET"]}}],"collection":[{"href":"https:\/\/archives.rencontrestsiganes.org\/index.php\/wp-json\/wp\/v2\/posts"}],"about":[{"href":"https:\/\/archives.rencontrestsiganes.org\/index.php\/wp-json\/wp\/v2\/types\/post"}],"author":[{"embeddable":true,"href":"https:\/\/archives.rencontrestsiganes.org\/index.php\/wp-json\/wp\/v2\/users\/1"}],"replies":[{"embeddable":true,"href":"https:\/\/archives.rencontrestsiganes.org\/index.php\/wp-json\/wp\/v2\/comments?post=1314"}],"version-history":[{"count":0,"href":"https:\/\/archives.rencontrestsiganes.org\/index.php\/wp-json\/wp\/v2\/posts\/1314\/revisions"}],"wp:attachment":[{"href":"https:\/\/archives.rencontrestsiganes.org\/index.php\/wp-json\/wp\/v2\/media?parent=1314"}],"wp:term":[{"taxonomy":"category","embeddable":true,"href":"https:\/\/archives.rencontrestsiganes.org\/index.php\/wp-json\/wp\/v2\/categories?post=1314"},{"taxonomy":"post_tag","embeddable":true,"href":"https:\/\/archives.rencontrestsiganes.org\/index.php\/wp-json\/wp\/v2\/tags?post=1314"}],"curies":[{"name":"wp","href":"https:\/\/api.w.org\/{rel}","templated":true}]}}