{"id":1307,"date":"2014-11-10T10:22:02","date_gmt":"2014-11-10T09:22:02","guid":{"rendered":"http:\/\/rt.boullier.fr\/?p=1307"},"modified":"2014-11-10T10:22:02","modified_gmt":"2014-11-10T09:22:02","slug":"art1307","status":"publish","type":"post","link":"https:\/\/archives.rencontrestsiganes.org\/index.php\/2014\/11\/10\/art1307\/","title":{"rendered":"A Martigues la mobilisation citoyenne semble avoir pay\u00e9"},"content":{"rendered":"<p style=\"text-align: justify;\"><em>Le t\u00e9moignage de Nanie <\/em><\/p>\n<p style=\"text-align: justify;\"><span style=\"font-size: 18px;\"><strong>Les Roms ont vocation \u00e0 s&rsquo;int\u00e9grer&#8230;<\/strong><\/span><\/p>\n<p><a href=\"https:\/\/archives.rencontrestsiganes.org\/wp-content\/uploads\/2014\/11\/les_Roms_a_martigues_-2.png\"><img loading=\"lazy\" decoding=\"async\" class=\" wp-image-11168 size-large aligncenter\" src=\"https:\/\/archives.rencontrestsiganes.org\/wp-content\/uploads\/les_Roms_a_martigues_-1024x664.png\" alt=\"png\/les_Roms_a_martigues_.png\" width=\"630\" height=\"409\" \/><\/a><\/p>\n<div style=\"text-align: center;\"><\/div>\n<p style=\"text-align: justify;\">C&rsquo;est ce que, \u00e0 une \u00e9chelle tr\u00e8s localis\u00e9e, vient de d\u00e9montrer l&rsquo;action men\u00e9e \u00e0 Martigues autour de quelques familles Roms, une quarantaine de personnes environ. Celles-ci ont squatt\u00e9 plus d&rsquo;un an une maison d\u00e9saffect\u00e9e appartenant \u00e0 l&rsquo;Etat.<br \/>\nRapidement, un collectif de soutien s&rsquo;est constitu\u00e9. Sa caract\u00e9ristique\u00a0? Sa grande diversit\u00e9[1], son ouverture totale \u00e0 la citoyennet\u00e9, et sa volont\u00e9 d\u00e8s le d\u00e9but de conjuguer accompagnement concret des familles, et lutte id\u00e9ologique contre les exclusions. De m\u00ealer participation assidue aux r\u00e9unions avec les autorit\u00e9s et manifestations, devant la sous-pr\u00e9fecture, ou devant le tribunal. De consid\u00e9rer que les diff\u00e9rences entre chr\u00e8tiens et non croyants, syndicalistes, politiques, caritatifs et militants associatifs, loin d&rsquo;\u00eatre un handicap, \u00e9taient au contraire une source de richesse et d&rsquo;efficacit\u00e9.<br \/>\nLe collectif n&rsquo;a jamais remis aux autorit\u00e9s, aux instances institutionnelles, le soin de r\u00e9gler le sort de ces familles. Au contraire, il a toujours consid\u00e9r\u00e9 que l&rsquo;action au grand jour, l&rsquo;appel clair aux habitants, la publicit\u00e9 la plus importante possible \u00e9taient garants des succ\u00e8s.<br \/>\nLe collectif n&rsquo;a m\u00e9nag\u00e9 aucun effort pour entourer ces familles des n\u00e9cessaires solidarit\u00e9s qui seules pouvaient assurer leur protection. Pour contrecarrer l&rsquo;argument de dangerosit\u00e9 de la maison mis en avant par les autorit\u00e9s, des subventions ont permis de refaire l&rsquo;installation \u00e9lectrique jug\u00e9e d\u00e9f\u00e9ctueuse. Des po\u00eales en conformit\u00e9 avec les normes ont \u00e9t\u00e9 achet\u00e9s, l&rsquo;urgence de d\u00e9molir la maison a \u00e9t\u00e9 battue en br\u00e8che par une \u00e9tude s\u00e9rieuse du dossier autoroutier&#8230;.parall\u00e8lement, des militant(e)s s&rsquo;occupaient du suivi des enfants scolaris\u00e9s, de l&rsquo;obtention des cartes AME, des questions quotidiennes qui foisonnaient, on s&rsquo;en doute.<br \/>\nMais surtout, des manifestations publiques ont pu rassembler des participants en nombre, montrer la culture de ces personnes, les raisons de leur venue en France, leur grande humanit\u00e9&#8230;Ce fut le cas de la soir\u00e9e NOUS LES ROMS, \u00e0 la MJC de Martigues, au mois de mars, et tout particuli\u00e8rement de la venue de Eric Fassin, le 10 octobre, qui fut une \u00e9tape d\u00e9cisive dans la p\u00e9riode o\u00f9 tout \u00e9tait en train de se r\u00e9gler. Le collectif a particip\u00e9, avec les familles, aux concerts organis\u00e9s par RESF contre le racisme. Il a tenu un stand \u00e0 la journ\u00e9e d&rsquo;initiative citoyenne organis\u00e9e par le collectif Front de Gauche de St Mitre&#8230;.<br \/>\nUn appel \u00e0 t\u00e9moignages auquel des personnalit\u00e9s mart\u00e9gales ont r\u00e9pondu avec coeur, et une p\u00e9tition, qui en 4 semaines a \u00e9t\u00e9 honor\u00e9e de 1100 signatures, ont marqu\u00e9 l&rsquo;ampleur de l&rsquo;\u00e9lan de solidarit\u00e9 autour de ces personnes.<br \/>\nAussi, malgr\u00e9 le jugement d&rsquo;expulsion sans d\u00e9lai prononc\u00e9 en d\u00e9cembre, la sous-pr\u00e9fecture a-t-elle propos\u00e9, devant un tel \u00e9lan, de travailler avec le collectif\u00a0et la mairie \u00e0 trouver des solutions.<br \/>\nEn huit mois, avec les efforts conjugu\u00e9s des trois parties, des r\u00e9sultats appr\u00e9ciables sont obtenus. Et ce sont aujourd&rsquo;hui six familles de Roms qui sont en bonne position pour travailler, se loger, et ainsi vivre dignement dans notre ville. M\u00eame si nous d\u00e9plorons que deux familles, sous les pressions des autorit\u00e9s, soient reparties en Roumanie, nous saluons les r\u00e9sultats obtenus.<br \/>\nCertes le comportement des familles Roms a beaucoup jou\u00e9 pour attirer les sympathies et les solidarit\u00e9s. Mais c&rsquo;est aussi la richesse de ce collectif, \u00e9tay\u00e9 sur sa diversit\u00e9 et sa citoyennet\u00e9, qui a permis que tout au long de ce chemin d\u00e9licat, les positions politiques adopt\u00e9es et mises en oeuvre aient \u00e9t\u00e9 solides, et suivies de ce succ\u00e8s.<br \/>\nLes r\u00e9unions fr\u00e9quentes, bruyantes, o\u00f9 chacune et chacun cherchait \u00e0 apporter sa contribution, pouvaient pr\u00e9senter une apparente d\u00e9sorganisation. Pourtant, c&rsquo;est gr\u00e2ce \u00e0 cet investissement libre et g\u00e9n\u00e9reux de chacune et de chacun que l&rsquo;ensemble du collectif a pu jouer un r\u00f4le majeur.<br \/>\nUne bataille concr\u00e8te, radicale, qui montre que lorsque les citoyens, les organisations s&#8217;emparent d&rsquo;une cause et la servent sans arri\u00e8res-pens\u00e9es boutiqui\u00e8res, ils peuvent l&#8217;emporter.<br \/>\nNanie Bellan, membre de Ensemble OEB, de la LDH, citoyenne du monde.<\/p>\n<p style=\"text-align: justify;\">\n<em>[1] Le collectif de solidarit\u00e9 aux Roms de Martigues comporte des citoyens engag\u00e9s et les organisations suivantes\u00a0: ASTI, CCFD-Terre-Solidaire, EELV, ENSEMBLE, FCPE, FSU Martigues, Ligue des Droits de l&rsquo;Homme, N.P.A., P.G., R.E.S.F., Sud Education\u00a0; UL CFDT Martigues, UL CGT Martigue<\/em><\/p>\n","protected":false},"excerpt":{"rendered":"<p>Apr\u00e8s de longues n\u00e9gociations avec le sous pr\u00e9fet  et la mairie et une importante mobilisation, la plupart des familles ont pu au moins provisoirement trouver un h\u00e9bergement.    <\/p>\n","protected":false},"author":1,"featured_media":0,"comment_status":"closed","ping_status":"closed","sticky":false,"template":"","format":"standard","meta":{"footnotes":""},"categories":[14,18,24],"tags":[81],"class_list":["post-1307","post","type-post","status-publish","format-standard","hentry","category-habitat-subi","category-migrants-roms","category-scolarisationsantetravail","tag-martigues"],"_links":{"self":[{"href":"https:\/\/archives.rencontrestsiganes.org\/index.php\/wp-json\/wp\/v2\/posts\/1307","targetHints":{"allow":["GET"]}}],"collection":[{"href":"https:\/\/archives.rencontrestsiganes.org\/index.php\/wp-json\/wp\/v2\/posts"}],"about":[{"href":"https:\/\/archives.rencontrestsiganes.org\/index.php\/wp-json\/wp\/v2\/types\/post"}],"author":[{"embeddable":true,"href":"https:\/\/archives.rencontrestsiganes.org\/index.php\/wp-json\/wp\/v2\/users\/1"}],"replies":[{"embeddable":true,"href":"https:\/\/archives.rencontrestsiganes.org\/index.php\/wp-json\/wp\/v2\/comments?post=1307"}],"version-history":[{"count":0,"href":"https:\/\/archives.rencontrestsiganes.org\/index.php\/wp-json\/wp\/v2\/posts\/1307\/revisions"}],"wp:attachment":[{"href":"https:\/\/archives.rencontrestsiganes.org\/index.php\/wp-json\/wp\/v2\/media?parent=1307"}],"wp:term":[{"taxonomy":"category","embeddable":true,"href":"https:\/\/archives.rencontrestsiganes.org\/index.php\/wp-json\/wp\/v2\/categories?post=1307"},{"taxonomy":"post_tag","embeddable":true,"href":"https:\/\/archives.rencontrestsiganes.org\/index.php\/wp-json\/wp\/v2\/tags?post=1307"}],"curies":[{"name":"wp","href":"https:\/\/api.w.org\/{rel}","templated":true}]}}