{"id":1305,"date":"2014-11-10T10:22:11","date_gmt":"2014-11-10T10:22:11","guid":{"rendered":"http:\/\/rt.boullier.fr\/?p=1305"},"modified":"2014-11-10T10:22:11","modified_gmt":"2014-11-10T10:22:11","slug":"art1305","status":"publish","type":"post","link":"https:\/\/archives.rencontrestsiganes.org\/index.php\/2014\/11\/10\/art1305\/","title":{"rendered":"Un voeu du premier ministre ?"},"content":{"rendered":"<p style=\"text-align: justify;\">Le \u00ab\u00a0Conseil national des politiques de lutte contre la pauvret\u00e9 et l\u2019exclusion sociale\u00a0\u00bb\u00a0\u00e9met, en effet, dans\u00a0un courrier \u00e0 en t\u00eate du Premier Ministre des v\u0153ux qui ne peuvent que nous satisfaire et qui devraient r\u00e9pondre,\u00a0s&rsquo;ils sont suivis d&rsquo;effets, aux principales exigences de nos associations. Mais on sait h\u00e9las que les v\u0153ux ne sont pas toujours exhauss\u00e9s&#8230;<\/p>\n<p style=\"text-align: justify;\">Le CNLE est tr\u00e8s pr\u00e9occup\u00e9 par la stigmatisation et les discriminations croissantes subies par les plus pauvres. Les pr\u00e9jug\u00e9s et la m\u00e9fiance \u00e0 leur \u00e9gard semblent se renforcer.<em><br \/>\n<\/em><\/p>\n<p style=\"text-align: justify;\">C&rsquo;est \u00e9galement le cas de la loi Besson puisque, selon une enqu\u00eate nationale men\u00e9e par l&rsquo;Association nationale des gens du voyage catholiques (ANGVC), moins de 10\u00a0% des collectivit\u00e9s ayant r\u00e9pondu ont mis en oeuvre ou programm\u00e9 un dispositif op\u00e9rationnel en mesure de satisfaire le besoin d&rsquo;habitat durable sur leur territoire des familles ayant une <strong>r\u00e9sidence mobile pour habitat permanent<\/strong> l&rsquo;habitat mobile permanent . Pour que la France soit le pays de l&rsquo;\u00e9galit\u00e9 pour tous, le CNLE demande aux pouvoirs publics d&rsquo;amener les collectivit\u00e9s \u00e0 reconna\u00eetre comme un mode de logement, et que leur refus d&rsquo;am\u00e9nager leur territoire soit sanctionn\u00e9 comme une forme de discrimination.<\/p>\n","protected":false},"excerpt":{"rendered":"<p>Curieux,  ce voeu publi\u00e9 par la Commission National de  Lutte contre l&rsquo;Exclusion CNLE \u00e0 l&rsquo;occasion de la journ\u00e9e mondiale du refus de la mis\u00e8re  ?<\/p>\n","protected":false},"author":1,"featured_media":0,"comment_status":"closed","ping_status":"closed","sticky":false,"template":"","format":"standard","meta":{"footnotes":""},"categories":[8],"tags":[109],"class_list":["post-1305","post","type-post","status-publish","format-standard","hentry","category-discriminations-racisme","tag-valls"],"_links":{"self":[{"href":"https:\/\/archives.rencontrestsiganes.org\/index.php\/wp-json\/wp\/v2\/posts\/1305","targetHints":{"allow":["GET"]}}],"collection":[{"href":"https:\/\/archives.rencontrestsiganes.org\/index.php\/wp-json\/wp\/v2\/posts"}],"about":[{"href":"https:\/\/archives.rencontrestsiganes.org\/index.php\/wp-json\/wp\/v2\/types\/post"}],"author":[{"embeddable":true,"href":"https:\/\/archives.rencontrestsiganes.org\/index.php\/wp-json\/wp\/v2\/users\/1"}],"replies":[{"embeddable":true,"href":"https:\/\/archives.rencontrestsiganes.org\/index.php\/wp-json\/wp\/v2\/comments?post=1305"}],"version-history":[{"count":0,"href":"https:\/\/archives.rencontrestsiganes.org\/index.php\/wp-json\/wp\/v2\/posts\/1305\/revisions"}],"wp:attachment":[{"href":"https:\/\/archives.rencontrestsiganes.org\/index.php\/wp-json\/wp\/v2\/media?parent=1305"}],"wp:term":[{"taxonomy":"category","embeddable":true,"href":"https:\/\/archives.rencontrestsiganes.org\/index.php\/wp-json\/wp\/v2\/categories?post=1305"},{"taxonomy":"post_tag","embeddable":true,"href":"https:\/\/archives.rencontrestsiganes.org\/index.php\/wp-json\/wp\/v2\/tags?post=1305"}],"curies":[{"name":"wp","href":"https:\/\/api.w.org\/{rel}","templated":true}]}}