{"id":12885,"date":"2016-09-24T12:04:28","date_gmt":"2016-09-24T10:04:28","guid":{"rendered":"https:\/\/archives.rencontrestsiganes.org\/?p=12885"},"modified":"2016-09-24T12:04:28","modified_gmt":"2016-09-24T10:04:28","slug":"linvisible-culture-rom","status":"publish","type":"post","link":"https:\/\/archives.rencontrestsiganes.org\/index.php\/2016\/09\/24\/linvisible-culture-rom\/","title":{"rendered":"l&rsquo;invisible culture Rom"},"content":{"rendered":"<p style=\"text-align: center;\"><strong>\u00a0CAMPAGNE DE VACCINATION CONTRE LES PR\u00c9JUG\u00c9S<\/strong><br \/>\n<strong> 2016\/2017<\/strong><\/p>\n<p style=\"text-align: justify;\"><em>Cet \u00e9v\u00e8nement est propos\u00e9 par deux associations qui chacune dans leur champ d&rsquo;intervention (culturel et universitaire) mettent en commun leurs volont\u00e9s de pr\u00e9senter \u00e0 un large public, un \u00e9v\u00e8nement lui permettant de d\u00e9couvrir, au-del\u00e0 des pr\u00e9jug\u00e9s\u00a0 \u00e9cul\u00e9s, des \u00e9l\u00e9ments concrets, fiables mais souvent insoup\u00e7onn\u00e9s\u00a0 sur l&rsquo;histoire, la culture et la langue des Roms d&rsquo;Europe . La question des Roms est un cas d&rsquo;\u00e9cole pour poser \u00e0 la France et \u00e0 l&rsquo;Europe la probl\u00e9matique complexe du respect des minorit\u00e9s, au-del\u00e0 des simples d\u00e9clarations d&rsquo;intentions et des paragraphes des lois, car cela interroge sur une reconnaissance culturelle et sociale bien plus profonde\u00a0 et radicales que les simples nuances d&rsquo;expression entre cultures europ\u00e9ennes. Elle interroge sur le destin d&rsquo;un peuple originaire d&rsquo;un autre continent et porteur d&rsquo;une haute culture, mal compris en raison de contradictions entre cette derni\u00e8re et les\u00a0 id\u00e9ologies dominantes au cours des si\u00e8cles en Europe, donc rel\u00e9gu\u00e9\u00a0 et marginalis\u00e9 pour donner la communaut\u00e9 si d\u00e9cri\u00e9e que nous connaissons aujourd&rsquo;hui &#8230;.\u00a0 &#8230;..<br \/>\n<\/em><\/p>\n<p style=\"text-align: justify;\">Cette introduction pr\u00e9sente\u00a0 un programme d&rsquo;animation culturelle de grande qualit\u00e9 qui se d\u00e9roulera \u00e0 Paris durant les prochains mois\u00a0 et dont on peut\u00a0 consulter le programme d\u00e9taill\u00e9 ci joint. <a href=\"https:\/\/archives.rencontrestsiganes.org\/wp-content\/uploads\/linvisble-cuture-Rrom.pdf\">linvisble-cuture-rrom<\/a><\/p>\n<p style=\"text-align: justify;\">Pour notre part, ce texte conforte notre travail d&rsquo;information et de sensibilisation de nos concitoyens sur la culture Rom\/Tsigane .\u00a0 Nous souhaitons au organisateurs de ce programme un grand\u00a0 succ\u00e8s et nous vous tiendrons inform\u00e9s r\u00e9guli\u00e8rement de cette ambitieuse mais indispensable initiative.<\/p>\n<p style=\"text-align: justify;\"><strong>DERNIERE MINUTE.<\/strong><\/p>\n<p style=\"text-align: justify;\"><strong>\u00a0ci joint la <span style=\"text-decoration: underline; color: #993300;\">charte culture Gens du Voyage et Tsiganes<\/span> qui vient d&rsquo;\u00eatre sign\u00e9 avec le Minist\u00e8re de la culture<\/strong><\/p>\n<p style=\"text-align: justify;\"><a href=\"https:\/\/archives.rencontrestsiganes.org\/wp-content\/uploads\/Chatre-culturelle-1-1.pdf\">chatre-culturelle<\/a><\/p>\n","protected":false},"excerpt":{"rendered":"<p>\u00a0CAMPAGNE DE VACCINATION CONTRE LES PR\u00c9JUG\u00c9S 2016\/2017 Cet \u00e9v\u00e8nement est propos\u00e9 par deux associations qui chacune dans leur champ d&rsquo;intervention (culturel et universitaire) mettent en commun leurs volont\u00e9s de pr\u00e9senter \u00e0 un large public, un \u00e9v\u00e8nement lui permettant de d\u00e9couvrir, au-del\u00e0 des pr\u00e9jug\u00e9s\u00a0 \u00e9cul\u00e9s, des \u00e9l\u00e9ments concrets, fiables mais souvent insoup\u00e7onn\u00e9s\u00a0 sur l&rsquo;histoire, la culture [&hellip;]<\/p>\n","protected":false},"author":1,"featured_media":0,"comment_status":"open","ping_status":"open","sticky":false,"template":"","format":"standard","meta":{"footnotes":""},"categories":[5,10,20],"tags":[],"class_list":["post-12885","post","type-post","status-publish","format-standard","hentry","category-culturehistoire","category-festivals-et-manifestations","category-non-classe"],"_links":{"self":[{"href":"https:\/\/archives.rencontrestsiganes.org\/index.php\/wp-json\/wp\/v2\/posts\/12885","targetHints":{"allow":["GET"]}}],"collection":[{"href":"https:\/\/archives.rencontrestsiganes.org\/index.php\/wp-json\/wp\/v2\/posts"}],"about":[{"href":"https:\/\/archives.rencontrestsiganes.org\/index.php\/wp-json\/wp\/v2\/types\/post"}],"author":[{"embeddable":true,"href":"https:\/\/archives.rencontrestsiganes.org\/index.php\/wp-json\/wp\/v2\/users\/1"}],"replies":[{"embeddable":true,"href":"https:\/\/archives.rencontrestsiganes.org\/index.php\/wp-json\/wp\/v2\/comments?post=12885"}],"version-history":[{"count":0,"href":"https:\/\/archives.rencontrestsiganes.org\/index.php\/wp-json\/wp\/v2\/posts\/12885\/revisions"}],"wp:attachment":[{"href":"https:\/\/archives.rencontrestsiganes.org\/index.php\/wp-json\/wp\/v2\/media?parent=12885"}],"wp:term":[{"taxonomy":"category","embeddable":true,"href":"https:\/\/archives.rencontrestsiganes.org\/index.php\/wp-json\/wp\/v2\/categories?post=12885"},{"taxonomy":"post_tag","embeddable":true,"href":"https:\/\/archives.rencontrestsiganes.org\/index.php\/wp-json\/wp\/v2\/tags?post=12885"}],"curies":[{"name":"wp","href":"https:\/\/api.w.org\/{rel}","templated":true}]}}