{"id":12846,"date":"2016-08-21T10:55:21","date_gmt":"2016-08-21T08:55:21","guid":{"rendered":"https:\/\/archives.rencontrestsiganes.org\/?p=12846"},"modified":"2016-08-21T10:55:21","modified_gmt":"2016-08-21T08:55:21","slug":"a-marseille-les-expulseurs-ne-prennent-pas-de-vacances","status":"publish","type":"post","link":"https:\/\/archives.rencontrestsiganes.org\/index.php\/2016\/08\/21\/a-marseille-les-expulseurs-ne-prennent-pas-de-vacances\/","title":{"rendered":"A Marseille les expulseurs ne prennent pas de  vacances"},"content":{"rendered":"<div class=\"itemIntroText\">\n<h2><img loading=\"lazy\" decoding=\"async\" class=\"aligncenter size-medium wp-image-12849\" src=\"https:\/\/archives.rencontrestsiganes.org\/wp-content\/uploads\/ba1680cab247697da48e6f2c4826770c_L-300x169.jpg\" alt=\"ba1680cab247697da48e6f2c4826770c_L\" width=\"300\" height=\"169\" \/><\/h2>\n<h2>Une quarantaine de personnes ont \u00e9t\u00e9 expuls\u00e9es d\u2019un ancien garage, 64 rue de Lyon, dans le 15e arrondissement de Marseille. Les enfants, \u00e0 la scolarit\u00e9 r\u00e9guli\u00e8re, et leurs parents, en formation ou en activit\u00e9, sont relog\u00e9s temporairement en h\u00f4tel.La Cabucelle<\/h2>\n<\/div>\n<div class=\"itemFullText\">\n<p>&nbsp;<\/p>\n<p>Install\u00e9es depuis plus d\u2019un an dans l\u2019immense friche Ford de la rue de Lyon, onze familles ont \u00e9t\u00e9 d\u00e9log\u00e9es au petit matin de leur squat par la police nationale. Vers 9 heures, le site enti\u00e8rement vid\u00e9, \u00e0 la demande du nouveau propri\u00e9taire qui souhaite y d\u00e9marrer des travaux, laissaient sur le carreau une dizaine de familles roms avec de nombreux enfants en bas \u00e2ge. Le Samu Social est venu, a fait semble-t-il chou blanc et est reparti. Un riverain passe l\u2019air d\u00e9sol\u00e9: \u00ab\u00a0c\u2019est vrai qu\u2019\u00e0 la fin il y avait trop de monde. Plus de 150 personnes. Du coup il y avait beaucoup de rats. Mais les pauvres, c\u2019est pas la solution de les mettre \u00e0 la rue. Il faut que tout le monde vive, ait droit \u00e0 un logement. Moi aussi j\u2019ai v\u00e9cu en bidonville quand je suis arriv\u00e9 \u00e0 Marseille&#8230;\u00bb<\/p>\n<p>La situation soul\u00e8ve la col\u00e8re chez les associations de terrain, telle Rencontres Tsiganes, qui d\u00e9plore: \u00ab nous avions eu une discussion en juillet avec le pr\u00e9fet d\u00e9l\u00e9gu\u00e9 \u00e0 l\u2019\u00e9galit\u00e9 des chances sur ce squat en particulier. 23 des 34 enfants sont scolaris\u00e9s \u00e0 Arenc Bachas ou au coll\u00e8ge Henri Wallon et la grande majorit\u00e9 des adultes est en parcours d\u2019insertion, voire ont des contrats de travail. Ils n\u2019auraient pas du \u00eatre mis \u00e0 la rue, \u00e7a met tout le travail social en l\u2019air\u00a0\u00bb. Ainsi Vasil, 34 ans suit-il s\u00e9rieusement une formation de m\u00e9cano et se sent \u00ab\u00a0stopp\u00e9 en plein \u00e9lan\u00a0\u00bb. Jeune maman, Rosalia d\u00e9sesp\u00e8re: \u00abJe suis agent de nettoyage. Je dois appeler mon patron pour lui dire que je ne pourrai pas venir ce matin. J\u2019ai peur qu\u2019il me d\u00e9gage \u00e0 cause de cette absence. Mais je fais comment avec les enfants? On ne sait pas o\u00f9 on va dormir ce soir. Je ne peux pas les laisser l\u00e0\u00a0\u00bb. De m\u00eame, c\u2019est la grosse tuile pour Cale qui est auto-entrepreneur et tentera de n\u00e9gocier en vain la r\u00e9cup\u00e9ration de sa ferraille d\u00e9j\u00e0 tri\u00e9e, en plaidant: \u00ab\u00a0je suis d\u00e9clar\u00e9. Il y a tout mon boulot l\u00e0-dedans. Tout est r\u00e9glo\u00a0\u00bb. Mais la police et les vigiles ont des ordres strictes.<\/p>\n<h3>Une directive, mais pas de moyens<\/h3>\n<p>Mais le droit de propri\u00e9t\u00e9 pr\u00e9vaut encore sur les droits les plus \u00e9l\u00e9mentaires, comme celui au logement. Apr\u00e8s des heures pass\u00e9es \u00e0 chercher l\u2019ombre sur le trottoir devant le futur \u00e9co-quartier Smartseille qui pousse \u00e0 deux pas de l\u2019Unit\u00e9 d\u2019h\u00e9bergement d\u2019urgence, les familles ont vu arriver Alban, un habitant du quartier \u00e9mu par leur situation, avec des pack de bouteilles d\u2019eau et des pains au lait tr\u00e8s appr\u00e9ci\u00e9s. Deux voitures de police sont rest\u00e9es stationn\u00e9es \u00e0 leurs c\u00f4t\u00e9s avant qu\u2019arrivent quelques propositions des pouvoirs publics, conformes au devoir \u00ab\u00a0d\u2019humanit\u00e9\u00a0\u00bb pr\u00e9conis\u00e9 par la circulaire interminist\u00e9rielle du 26 ao\u00fbt 2012.<\/p>\n<p>\u00ab \u00c9vacuer ce camp apr\u00e8s la rentr\u00e9e aurait bris\u00e9 leur parcours scolaire et ne pas \u00e9vacuer impliquait que le propri\u00e9taire se retourne contre la Pr\u00e9fecture. On a donc tout fait pour qu\u2019une solution durable soit trouv\u00e9e d\u2019ici la rentr\u00e9e pour 3 familles identifi\u00e9es, parmi les onze pr\u00e9sentes\u00a0\u00bb, explique pour sa part le pr\u00e9fet Yves Rousset. Pour les autres, la solution sera tr\u00e8s temporaire, une ou deux nuits d\u2019h\u00f4tel tout au plus. Ensuite, ils seront de nouveau condamn\u00e9s au squat.<\/p>\n<p class=\"k2-item-signature\"><strong>Myriam Guillaume<\/strong><\/p>\n<p>&nbsp;<\/p>\n<\/div>\n","protected":false},"excerpt":{"rendered":"<p>Une quarantaine de personnes ont \u00e9t\u00e9 expuls\u00e9es d\u2019un ancien garage, 64 rue de Lyon, dans le 15e arrondissement de Marseille. Les enfants, \u00e0 la scolarit\u00e9 r\u00e9guli\u00e8re, et leurs parents, en formation ou en activit\u00e9, sont relog\u00e9s temporairement en h\u00f4tel.La Cabucelle &nbsp; Install\u00e9es depuis plus d\u2019un an dans l\u2019immense friche Ford de la rue de Lyon, [&hellip;]<\/p>\n","protected":false},"author":1,"featured_media":12849,"comment_status":"open","ping_status":"open","sticky":false,"template":"","format":"standard","meta":{"footnotes":""},"categories":[18,25],"tags":[],"class_list":["post-12846","post","type-post","status-publish","format-standard","has-post-thumbnail","hentry","category-migrants-roms","category-sur-le-terrain"],"_links":{"self":[{"href":"https:\/\/archives.rencontrestsiganes.org\/index.php\/wp-json\/wp\/v2\/posts\/12846","targetHints":{"allow":["GET"]}}],"collection":[{"href":"https:\/\/archives.rencontrestsiganes.org\/index.php\/wp-json\/wp\/v2\/posts"}],"about":[{"href":"https:\/\/archives.rencontrestsiganes.org\/index.php\/wp-json\/wp\/v2\/types\/post"}],"author":[{"embeddable":true,"href":"https:\/\/archives.rencontrestsiganes.org\/index.php\/wp-json\/wp\/v2\/users\/1"}],"replies":[{"embeddable":true,"href":"https:\/\/archives.rencontrestsiganes.org\/index.php\/wp-json\/wp\/v2\/comments?post=12846"}],"version-history":[{"count":0,"href":"https:\/\/archives.rencontrestsiganes.org\/index.php\/wp-json\/wp\/v2\/posts\/12846\/revisions"}],"wp:featuredmedia":[{"embeddable":true,"href":"https:\/\/archives.rencontrestsiganes.org\/index.php\/wp-json\/"}],"wp:attachment":[{"href":"https:\/\/archives.rencontrestsiganes.org\/index.php\/wp-json\/wp\/v2\/media?parent=12846"}],"wp:term":[{"taxonomy":"category","embeddable":true,"href":"https:\/\/archives.rencontrestsiganes.org\/index.php\/wp-json\/wp\/v2\/categories?post=12846"},{"taxonomy":"post_tag","embeddable":true,"href":"https:\/\/archives.rencontrestsiganes.org\/index.php\/wp-json\/wp\/v2\/tags?post=12846"}],"curies":[{"name":"wp","href":"https:\/\/api.w.org\/{rel}","templated":true}]}}