{"id":12838,"date":"2016-08-21T10:55:41","date_gmt":"2016-08-21T08:55:41","guid":{"rendered":"https:\/\/archives.rencontrestsiganes.org\/?p=12838"},"modified":"2016-08-21T10:55:41","modified_gmt":"2016-08-21T08:55:41","slug":"la-ville-de-toulouse-reloge-des-familles-roms","status":"publish","type":"post","link":"https:\/\/archives.rencontrestsiganes.org\/index.php\/2016\/08\/21\/la-ville-de-toulouse-reloge-des-familles-roms\/","title":{"rendered":"La ville de Toulouse reloge  des familles Roms"},"content":{"rendered":"<p>Pr\u00e8s de 400 personnes dont 117 enfants vivant sur 4 terrain assez proches appartenant \u00e0 la Mairie, l&rsquo;Agglo et un bailleur social ont \u00e9t\u00e9 relog\u00e9es lundi et mardi.<\/p>\n<p>Des solutions de relogement ont \u00e9t\u00e9 trouv\u00e9es pour tous les habitants : 178 chambres dans le diffus r\u00e9parties dans 74 appartements. Les appartements appartiennent \u00e0 la Ville, \u00e0 l&rsquo;EPFL et \u00e0 des bailleurs sociaux. Et la cerise sur la g\u00e2teau : des cartons de d\u00e9m\u00e9nagement, des camions et minibus avec chauffeur \u00e9taient pr\u00e9vus, tout comme les interpr\u00e8tes le jour de l&rsquo;op\u00e9ration (voir page 8 de la d\u00e9cision de justice en pi\u00e8ce-jointe pour les d\u00e9tails). Un accompagnement social est pr\u00e9vu pour les familles dans leur nouveau logement.<\/p>\n<p>Cette \u00ab\u00a0expulsion\u00a0\u00bb est pr\u00e9par\u00e9e depuis 10 mois dans le cadre d&rsquo;une Maitrise d\u2019\u0153uvre urbaine et sociale (MOUS) de 35 mois port\u00e9e par la Mairie qui pr\u00e9sente son action ainsi :<\/p>\n<p>\u00ab\u00a0Cette d\u00e9marche a pour but principal au-del\u00e0 de la fourniture d\u2019un vrai logement, de faciliter l\u2019insertion sociale et professionnelle de ces m\u00e9nages en les sortant de la pr\u00e9carit\u00e9 et en les aidant \u00e0 acc\u00e9der aux mesures de droit commun. En contrepartie de ces propositions de relogement, les m\u00e9nages devront de leur c\u00f4t\u00e9 s&rsquo;engager \u00e0 respecter des conditions n\u00e9cessaires \u00e0 une v\u00e9ritable insertion : scolarisation des enfants, apprentissage du fran\u00e7ais, recherche d\u2019un travail ou d\u2019une formation.\u00a0\u00bb<br \/>\nLes quelques points n\u00e9gatifs relev\u00e9s par le Collectif de soutien aux Roms de Toulouse :<br \/>\nPas d&rsquo;informations sur la dur\u00e9e du relogement<br \/>\nPas de concertation avec les associations de terrain, qui ont re\u00e7u une invitation \u00e0 une r\u00e9union d&rsquo;information quelques heures avant sa tenue<br \/>\nLe souhait de certaines familles de rester ensemble n&rsquo;a pas \u00e9t\u00e9 entendu<br \/>\n\u00c9loignement et pertes de rep\u00e8res mal v\u00e9cus pour certains<br \/>\nRuptures de certains suivis administratifs et m\u00e9dicaux en cours faute de coordination en amont. Les associations en charge de l&rsquo;accompagnement social ne connaissent pas les familles jusqu&rsquo;\u00e0 pr\u00e9sent.<br \/>\nAffectations scolaires qui ne seront connues que fin ao\u00fbt-d\u00e9but septembre<\/p>\n","protected":false},"excerpt":{"rendered":"<p>Pr\u00e8s de 400 personnes dont 117 enfants vivant sur 4 terrain assez proches appartenant \u00e0 la Mairie, l&rsquo;Agglo et un bailleur social ont \u00e9t\u00e9 relog\u00e9es lundi et mardi. Des solutions de relogement ont \u00e9t\u00e9 trouv\u00e9es pour tous les habitants : 178 chambres dans le diffus r\u00e9parties dans 74 appartements. Les appartements appartiennent \u00e0 la Ville, [&hellip;]<\/p>\n","protected":false},"author":1,"featured_media":0,"comment_status":"open","ping_status":"open","sticky":false,"template":"","format":"standard","meta":{"footnotes":""},"categories":[3,18],"tags":[],"class_list":["post-12838","post","type-post","status-publish","format-standard","hentry","category-fabrique-du-droit","category-migrants-roms"],"_links":{"self":[{"href":"https:\/\/archives.rencontrestsiganes.org\/index.php\/wp-json\/wp\/v2\/posts\/12838","targetHints":{"allow":["GET"]}}],"collection":[{"href":"https:\/\/archives.rencontrestsiganes.org\/index.php\/wp-json\/wp\/v2\/posts"}],"about":[{"href":"https:\/\/archives.rencontrestsiganes.org\/index.php\/wp-json\/wp\/v2\/types\/post"}],"author":[{"embeddable":true,"href":"https:\/\/archives.rencontrestsiganes.org\/index.php\/wp-json\/wp\/v2\/users\/1"}],"replies":[{"embeddable":true,"href":"https:\/\/archives.rencontrestsiganes.org\/index.php\/wp-json\/wp\/v2\/comments?post=12838"}],"version-history":[{"count":0,"href":"https:\/\/archives.rencontrestsiganes.org\/index.php\/wp-json\/wp\/v2\/posts\/12838\/revisions"}],"wp:attachment":[{"href":"https:\/\/archives.rencontrestsiganes.org\/index.php\/wp-json\/wp\/v2\/media?parent=12838"}],"wp:term":[{"taxonomy":"category","embeddable":true,"href":"https:\/\/archives.rencontrestsiganes.org\/index.php\/wp-json\/wp\/v2\/categories?post=12838"},{"taxonomy":"post_tag","embeddable":true,"href":"https:\/\/archives.rencontrestsiganes.org\/index.php\/wp-json\/wp\/v2\/tags?post=12838"}],"curies":[{"name":"wp","href":"https:\/\/api.w.org\/{rel}","templated":true}]}}