{"id":12798,"date":"2016-07-17T20:25:51","date_gmt":"2016-07-17T18:25:51","guid":{"rendered":"https:\/\/archives.rencontrestsiganes.org\/?p=12798"},"modified":"2016-07-17T20:25:51","modified_gmt":"2016-07-17T18:25:51","slug":"zinzinement-votre-accueil-des-roms-en-paca","status":"publish","type":"post","link":"https:\/\/archives.rencontrestsiganes.org\/index.php\/2016\/07\/17\/zinzinement-votre-accueil-des-roms-en-paca\/","title":{"rendered":"Zinzinement v\u00f4tre : Accueil des Roms en Paca"},"content":{"rendered":"<p>Merci \u00e0 Nicolas Furet de Radio Zinzine pour son \u00e9mission, Accueil des Roms en PACA, consacr\u00e9e \u00e0 \u00a0\u00a0\u00bb Tous en f\u00eate avec les Roms\u00a0\u00bb, manifestation qui a eu lieu\u00a0le 11 juin 2016 \u00e0 Gardanne :<\/p>\n<p>http:\/\/www.zinzine.domainepublic.net\/?ref=2471<\/p>\n<p>&nbsp;<\/p>\n<p style=\"text-align: center;\"><img loading=\"lazy\" decoding=\"async\" class=\"size-medium wp-image-12799 aligncenter\" src=\"https:\/\/archives.rencontrestsiganes.org\/wp-content\/uploads\/Gardanne-11-juin-2016-Photo-Jean-Barak-300x200.jpg\" alt=\"Gardanne 11 juin 2016 - Photo Jean Barak\" width=\"300\" height=\"200\" \/>@ jean Barak<\/p>\n<p>&nbsp;<\/p>\n","protected":false},"excerpt":{"rendered":"<p>Merci \u00e0 Nicolas Furet de Radio Zinzine pour son \u00e9mission, Accueil des Roms en PACA, consacr\u00e9e \u00e0 \u00a0\u00a0\u00bb Tous en f\u00eate avec les Roms\u00a0\u00bb, manifestation qui a eu lieu\u00a0le 11 juin 2016 \u00e0 Gardanne : http:\/\/www.zinzine.domainepublic.net\/?ref=2471 &nbsp; @ jean Barak &nbsp;<\/p>\n","protected":false},"author":1,"featured_media":12799,"comment_status":"open","ping_status":"open","sticky":false,"template":"","format":"standard","meta":{"footnotes":""},"categories":[3,10,18],"tags":[],"class_list":["post-12798","post","type-post","status-publish","format-standard","has-post-thumbnail","hentry","category-fabrique-du-droit","category-festivals-et-manifestations","category-migrants-roms"],"_links":{"self":[{"href":"https:\/\/archives.rencontrestsiganes.org\/index.php\/wp-json\/wp\/v2\/posts\/12798","targetHints":{"allow":["GET"]}}],"collection":[{"href":"https:\/\/archives.rencontrestsiganes.org\/index.php\/wp-json\/wp\/v2\/posts"}],"about":[{"href":"https:\/\/archives.rencontrestsiganes.org\/index.php\/wp-json\/wp\/v2\/types\/post"}],"author":[{"embeddable":true,"href":"https:\/\/archives.rencontrestsiganes.org\/index.php\/wp-json\/wp\/v2\/users\/1"}],"replies":[{"embeddable":true,"href":"https:\/\/archives.rencontrestsiganes.org\/index.php\/wp-json\/wp\/v2\/comments?post=12798"}],"version-history":[{"count":0,"href":"https:\/\/archives.rencontrestsiganes.org\/index.php\/wp-json\/wp\/v2\/posts\/12798\/revisions"}],"wp:featuredmedia":[{"embeddable":true,"href":"https:\/\/archives.rencontrestsiganes.org\/index.php\/wp-json\/"}],"wp:attachment":[{"href":"https:\/\/archives.rencontrestsiganes.org\/index.php\/wp-json\/wp\/v2\/media?parent=12798"}],"wp:term":[{"taxonomy":"category","embeddable":true,"href":"https:\/\/archives.rencontrestsiganes.org\/index.php\/wp-json\/wp\/v2\/categories?post=12798"},{"taxonomy":"post_tag","embeddable":true,"href":"https:\/\/archives.rencontrestsiganes.org\/index.php\/wp-json\/wp\/v2\/tags?post=12798"}],"curies":[{"name":"wp","href":"https:\/\/api.w.org\/{rel}","templated":true}]}}