{"id":12662,"date":"2016-05-20T19:05:31","date_gmt":"2016-05-20T17:05:31","guid":{"rendered":"https:\/\/archives.rencontrestsiganes.org\/?p=12662"},"modified":"2016-05-20T19:05:31","modified_gmt":"2016-05-20T17:05:31","slug":"bravo-au-defenseur-des-droits","status":"publish","type":"post","link":"https:\/\/archives.rencontrestsiganes.org\/index.php\/2016\/05\/20\/bravo-au-defenseur-des-droits\/","title":{"rendered":"Bravo au D\u00e9fenseur des droits"},"content":{"rendered":"<p>Une nouvelle fois cet organisme et son pr\u00e9sident font courageusement la preuve de leur ind\u00e9pendance et de la qualit\u00e9 de leurs rapports\u00a0 dans une p\u00e9riode o\u00f9 la remise en cause des droits individuels et collectifs est chaque jour mise\u00a0en question. Le dernier et long rapport sur le droits des \u00e9trangers en France m\u00e9rite une lecture attentive (au moins le r\u00e9sum\u00e9 ci joint).<\/p>\n<p>On retiendra que les droits applicables aux citoyens europ\u00e9ens et en particulier aux Roms\u00a0 sont\u00a0 comme d&rsquo;autres mis en cause r\u00e9guli\u00e8rement\u00a0 par des r\u00e9glementations et des pratiques administratives consid\u00e9r\u00e9es comme ill\u00e9gales.<\/p>\n<p>&nbsp;<\/p>\n<p><a href=\"https:\/\/archives.rencontrestsiganes.org\/wp-content\/uploads\/ddd_synthese_droits-etrangers_2016.pdf\">ddd_synthese_droits-etrangers_2016<\/a><\/p>\n","protected":false},"excerpt":{"rendered":"<p>Une nouvelle fois cet organisme et son pr\u00e9sident font courageusement la preuve de leur ind\u00e9pendance et de la qualit\u00e9 de leurs rapports\u00a0 dans une p\u00e9riode o\u00f9 la remise en cause des droits individuels et collectifs est chaque jour mise\u00a0en question. Le dernier et long rapport sur le droits des \u00e9trangers en France m\u00e9rite une lecture [&hellip;]<\/p>\n","protected":false},"author":1,"featured_media":0,"comment_status":"open","ping_status":"open","sticky":false,"template":"","format":"standard","meta":{"footnotes":""},"categories":[3],"tags":[],"class_list":["post-12662","post","type-post","status-publish","format-standard","hentry","category-fabrique-du-droit"],"_links":{"self":[{"href":"https:\/\/archives.rencontrestsiganes.org\/index.php\/wp-json\/wp\/v2\/posts\/12662","targetHints":{"allow":["GET"]}}],"collection":[{"href":"https:\/\/archives.rencontrestsiganes.org\/index.php\/wp-json\/wp\/v2\/posts"}],"about":[{"href":"https:\/\/archives.rencontrestsiganes.org\/index.php\/wp-json\/wp\/v2\/types\/post"}],"author":[{"embeddable":true,"href":"https:\/\/archives.rencontrestsiganes.org\/index.php\/wp-json\/wp\/v2\/users\/1"}],"replies":[{"embeddable":true,"href":"https:\/\/archives.rencontrestsiganes.org\/index.php\/wp-json\/wp\/v2\/comments?post=12662"}],"version-history":[{"count":0,"href":"https:\/\/archives.rencontrestsiganes.org\/index.php\/wp-json\/wp\/v2\/posts\/12662\/revisions"}],"wp:attachment":[{"href":"https:\/\/archives.rencontrestsiganes.org\/index.php\/wp-json\/wp\/v2\/media?parent=12662"}],"wp:term":[{"taxonomy":"category","embeddable":true,"href":"https:\/\/archives.rencontrestsiganes.org\/index.php\/wp-json\/wp\/v2\/categories?post=12662"},{"taxonomy":"post_tag","embeddable":true,"href":"https:\/\/archives.rencontrestsiganes.org\/index.php\/wp-json\/wp\/v2\/tags?post=12662"}],"curies":[{"name":"wp","href":"https:\/\/api.w.org\/{rel}","templated":true}]}}