{"id":12527,"date":"2016-03-21T18:13:35","date_gmt":"2016-03-21T17:13:35","guid":{"rendered":"https:\/\/archives.rencontrestsiganes.org\/?p=12527"},"modified":"2016-03-21T18:13:35","modified_gmt":"2016-03-21T17:13:35","slug":"les-roms-sacampent-sur-le-carreau-de-la-mine","status":"publish","type":"post","link":"https:\/\/archives.rencontrestsiganes.org\/index.php\/2016\/03\/21\/les-roms-sacampent-sur-le-carreau-de-la-mine\/","title":{"rendered":"Les Roms \u00ab\u00a0s\u2019acampent\u00a0\u00bb sur le carreau de la mine"},"content":{"rendered":"<p style=\"text-align: justify;\"><img loading=\"lazy\" decoding=\"async\" class=\"size-medium wp-image-12569 alignright\" src=\"https:\/\/archives.rencontrestsiganes.org\/wp-content\/uploads\/Gardanne-la-mine--300x263.jpg\" alt=\"Gardanne la mine\" width=\"300\" height=\"263\" \/><img loading=\"lazy\" decoding=\"async\" class=\"aligncenter size-medium wp-image-12553\" src=\"https:\/\/archives.rencontrestsiganes.org\/wp-content\/uploads\/Roms-a-gardanne-1--300x161.jpg\" alt=\"Roms a gardanne 1\" width=\"300\" height=\"161\" \/>Le collectif des Roms de Gardanne qui depuis 4 ans suit les familles install\u00e9es sur l&rsquo;ancien carreau de la mine propose\u00a0 d&rsquo;organiser le 11 juin \u00e0 Gardanne une <span style=\"color: #ff0000;\">FETE ROM\u00a0<\/span>qui doit \u00eatre\u00a0<span style=\"color: #ff0000;\">UN EVENEMENT POSITIF<\/span> alors que tous les \u00ab\u00a0sites, camps, campements, bidonvilles&#8230;\u00a0\u00bb sont globalement et toujours sous la menace d&rsquo;expulsions, d&rsquo;exclusions et de violences en tous genres. Des d\u00e9tails de\u00a0 cette journ\u00e9e seront donn\u00e9es plus tard .<img loading=\"lazy\" decoding=\"async\" class=\"size-medium wp-image-12552 alignleft\" src=\"https:\/\/archives.rencontrestsiganes.org\/wp-content\/uploads\/Roms-a-Gardanne-2-300x200.jpg\" alt=\"Roms a Gardanne 2\" width=\"300\" height=\"200\" \/><\/p>\n<p style=\"text-align: justify;\">Pour mieux comprendre les conditions d&rsquo;accueil des familles Roms\u00a0 dans cette ville on lira avec int\u00e9r\u00eat la remarquable enqu\u00eate r\u00e9alis\u00e9e sur place par des \u00e9l\u00e8ves venus de diff\u00e9rents lieux autour de la m\u00e9diterran\u00e9e. L&rsquo;encadrement de ce travail a \u00e9t\u00e9 r\u00e9alis\u00e9 par Laurent DUSSUTOUR, enseignant au Lyc\u00e9e agricole de Valabre et B\u00e9atrice MESINI, chercheuse\u00a0 au CNRS<\/p>\n<p style=\"text-align: justify;\"><a href=\"https:\/\/archives.rencontrestsiganes.org\/wp-content\/uploads\/Les-Roms-de-Gardanne-cx.pdf\" rel=\"\">-Les Roms de Gardanne cx<\/a><\/p>\n","protected":false},"excerpt":{"rendered":"<p>Le collectif des Roms de Gardanne qui depuis 4 ans suit les familles install\u00e9es sur l&rsquo;ancien carreau de la mine propose\u00a0 d&rsquo;organiser le 11 juin \u00e0 Gardanne une FETE ROM\u00a0qui doit \u00eatre\u00a0UN EVENEMENT POSITIF alors que tous les \u00ab\u00a0sites, camps, campements, bidonvilles&#8230;\u00a0\u00bb sont globalement et toujours sous la menace d&rsquo;expulsions, d&rsquo;exclusions et de violences en [&hellip;]<\/p>\n","protected":false},"author":1,"featured_media":0,"comment_status":"open","ping_status":"open","sticky":false,"template":"","format":"standard","meta":{"footnotes":""},"categories":[10,18,20,25],"tags":[],"class_list":["post-12527","post","type-post","status-publish","format-standard","hentry","category-festivals-et-manifestations","category-migrants-roms","category-non-classe","category-sur-le-terrain"],"_links":{"self":[{"href":"https:\/\/archives.rencontrestsiganes.org\/index.php\/wp-json\/wp\/v2\/posts\/12527","targetHints":{"allow":["GET"]}}],"collection":[{"href":"https:\/\/archives.rencontrestsiganes.org\/index.php\/wp-json\/wp\/v2\/posts"}],"about":[{"href":"https:\/\/archives.rencontrestsiganes.org\/index.php\/wp-json\/wp\/v2\/types\/post"}],"author":[{"embeddable":true,"href":"https:\/\/archives.rencontrestsiganes.org\/index.php\/wp-json\/wp\/v2\/users\/1"}],"replies":[{"embeddable":true,"href":"https:\/\/archives.rencontrestsiganes.org\/index.php\/wp-json\/wp\/v2\/comments?post=12527"}],"version-history":[{"count":0,"href":"https:\/\/archives.rencontrestsiganes.org\/index.php\/wp-json\/wp\/v2\/posts\/12527\/revisions"}],"wp:attachment":[{"href":"https:\/\/archives.rencontrestsiganes.org\/index.php\/wp-json\/wp\/v2\/media?parent=12527"}],"wp:term":[{"taxonomy":"category","embeddable":true,"href":"https:\/\/archives.rencontrestsiganes.org\/index.php\/wp-json\/wp\/v2\/categories?post=12527"},{"taxonomy":"post_tag","embeddable":true,"href":"https:\/\/archives.rencontrestsiganes.org\/index.php\/wp-json\/wp\/v2\/tags?post=12527"}],"curies":[{"name":"wp","href":"https:\/\/api.w.org\/{rel}","templated":true}]}}