{"id":12333,"date":"2015-11-20T12:10:57","date_gmt":"2015-11-20T11:10:57","guid":{"rendered":"https:\/\/archives.rencontrestsiganes.org\/?p=12333"},"modified":"2015-11-20T12:10:57","modified_gmt":"2015-11-20T11:10:57","slug":"un-reseau-de-collectifs-de-soutien-aux-populations-roms","status":"publish","type":"post","link":"https:\/\/archives.rencontrestsiganes.org\/index.php\/2015\/11\/20\/un-reseau-de-collectifs-de-soutien-aux-populations-roms\/","title":{"rendered":"Un r\u00e9seau de collectifs de soutien aux populations Roms"},"content":{"rendered":"<p><a href=\"https:\/\/archives.rencontrestsiganes.org\/wp-content\/uploads\/R\u00e9union-collectifs-\u00e0-Aubagne-7-nov-2015-001.jpg\"><img loading=\"lazy\" decoding=\"async\" class=\"size-medium wp-image-12335 alignleft\" src=\"https:\/\/archives.rencontrestsiganes.org\/wp-content\/uploads\/R\u00e9union-collectifs-\u00e0-Aubagne-7-nov-2015-001-300x200.jpg\" alt=\"R\u00e9union collectifs \u00e0 Aubagne 7 nov 2015 - 001\" width=\"300\" height=\"200\" \/><\/a><a href=\"https:\/\/archives.rencontrestsiganes.org\/wp-content\/uploads\/Conf\u00e9rence-de-presse-Aubagne-7-nov-2015-010.jpg\"><img loading=\"lazy\" decoding=\"async\" class=\"size-medium wp-image-12334 alignright\" src=\"https:\/\/archives.rencontrestsiganes.org\/wp-content\/uploads\/Conf\u00e9rence-de-presse-Aubagne-7-nov-2015-010-300x200.jpg\" alt=\"Conf\u00e9rence de presse - Aubagne 7 nov 2015 - 010\" width=\"300\" height=\"200\" \/><\/a><\/p>\n<p>&nbsp;<\/p>\n<p>&nbsp;<\/p>\n<p>&nbsp;<\/p>\n<p>&nbsp;<\/p>\n<p>&nbsp;<\/p>\n<p>&nbsp;<\/p>\n<p><span style=\"font-family: Calibri, sans-serif;\"><span style=\"font-size: medium;\">Au cours des derni\u00e8res ann\u00e9es, se sont cr\u00e9\u00e9s dans le d\u00e9partement, diff\u00e9rents collectifs de soutien aux populations roms ou pr\u00e9sum\u00e9es telles vivant en squat ou bidonvilles\u00a0: le CADDRIS (collectif aixois pour la d\u00e9fense et la dignit\u00e9 des Roms, des immigr\u00e9s et des sans papiers) \u00e0 Aix en Provence, les collectifs de soutien aux Roms de Gardanne, de Martigues, d&rsquo;Arles et d&rsquo;Aubagne. <\/span><\/span><\/p>\n<p align=\"JUSTIFY\">A Marseille en 2012, nous avons \u00e9t\u00e9, avec d&rsquo;autres associations et citoyens, \u00e0 l&rsquo;origine de la cr\u00e9ation d&rsquo;un collectif de solidarit\u00e9 avec les Roms. De fortes divergences, avec les autres membres, sur les actions politiques et de plaidoyers \u00e0 conduire, nous ont amen\u00e9s \u00e0 le quitter rapidement. Celui-ci s&rsquo;est par ailleurs dissous fin 2013. Rencontres tsiganes est pr\u00e9sent dans les collectifs de soutien d&rsquo;Aix, Gardanne et depuis sa cr\u00e9ation d\u00e9but 2015 dans celui d&rsquo;Aubagne.<\/p>\n<p><span style=\"font-family: Calibri, sans-serif;\"><span style=\"font-size: medium;\">Ces initiatives citoyennes, au del\u00e0 du combat politique commun de d\u00e9fense des droits de ces populations migrantes, cherchent \u00e0 apporter des r\u00e9ponses concr\u00e8tes pour permettre \u00e0 ces familles une v\u00e9ritable insertion dans notre soci\u00e9t\u00e9\u00a0: par l&#8217;emploi, l&rsquo;acc\u00e8s au logement, la scolarisation des enfants, l&rsquo;acc\u00e8s aux soins etc&#8230;<\/span><\/span><\/p>\n<p><span style=\"font-family: Calibri, sans-serif;\"><span style=\"font-size: medium;\">C&rsquo;est le d\u00e9sir de mettre en commun ces diverses exp\u00e9riences, de les confronter qui a conduit \u00e0 la r\u00e9union qui s&rsquo;est tenue le 7 novembre 2015 \u00e0 Aubagne \u00e0 l&rsquo;initiative du collectif aubagnais. Une demi-journ\u00e9e riche en \u00e9changes o\u00f9 chacun a exprim\u00e9 le souhait de poursuivre \u00e0 travers la constitution d&rsquo;un r\u00e9seau ce partage d&rsquo;informations et d&rsquo;initiatives.<\/span><\/span><\/p>\n<p><span style=\"color: #000080;\"><span lang=\"zxx\"><u><a href=\"http:\/\/www.laprovence.com\/article\/edition-aubagne-la-ciotat\/3660142\/le-collectif-de-solidarite-avec-les-roms-ecrit-au-maire.html\"><span style=\"font-family: Calibri, sans-serif;\"><span style=\"font-size: medium;\">http:\/\/www.laprovence.com\/article\/edition-aubagne-la-ciotat\/3660142\/le-collectif-de-solidarite-avec-les-roms-ecrit-au-maire.html<\/span><\/span><\/a><\/u><\/span><\/span><\/p>\n<p><span style=\"color: #000080;\"><span lang=\"zxx\"><u><a href=\"http:\/\/www.lamarseillaise.fr\/marseille\/societe\/43298-ensemble-on-est-plus-forts-pour-avancer\"><span style=\"font-family: Calibri, sans-serif;\"><span style=\"font-size: medium;\">http:\/\/www.lamarseillaise.fr\/marseille\/societe\/43298-ensemble-on-est-plus-forts-pour-avancer<\/span><\/span><\/a><\/u><\/span><\/span><\/p>\n<p><span style=\"color: #000080;\"><span lang=\"zxx\"><u><a href=\"http:\/\/www.lavie.fr\/solidarite\/carnets-citoyens\/a-gardanne-un-collectif-oeuvre-a-l-insertion-des-roms-24-02-2015-60843_459.php\"><span style=\"font-family: Calibri, sans-serif;\"><span style=\"font-size: medium;\">http:\/\/www.lavie.fr\/solidarite\/carnets-citoyens\/a-gardanne-un-collectif-oeuvre-a-l-insertion-des-roms-24-02-2015-60843_459.php<\/span><\/span><\/a><\/u><\/span><\/span><\/p>\n<p><span style=\"color: #000080;\"><span lang=\"zxx\"><u><a href=\"https:\/\/www.facebook.com\/RromsMartigues\/posts\/613315712125114\"><span style=\"font-family: Calibri, sans-serif;\"><span style=\"font-size: medium;\">https:\/\/www.facebook.com\/RromsMartigues\/posts\/613315712125114<\/span><\/span><\/a><\/u><\/span><\/span><\/p>\n<p><span style=\"color: #000080;\"><span lang=\"zxx\"><u><a href=\"http:\/\/www.lamarseillaise.fr\/bouches-du-rhone\/societe\/41088-sur-le-chemin-escarpe-de-la-dignite\"><span style=\"font-family: Calibri, sans-serif;\"><span style=\"font-size: medium;\">http:\/\/www.lamarseillaise.fr\/bouches-du-rhone\/societe\/41088-sur-le-chemin-escarpe-de-la-dignite<\/span><\/span><\/a><\/u><\/span><\/span><\/p>\n","protected":false},"excerpt":{"rendered":"<p>&nbsp; &nbsp; &nbsp; &nbsp; &nbsp; &nbsp; Au cours des derni\u00e8res ann\u00e9es, se sont cr\u00e9\u00e9s dans le d\u00e9partement, diff\u00e9rents collectifs de soutien aux populations roms ou pr\u00e9sum\u00e9es telles vivant en squat ou bidonvilles\u00a0: le CADDRIS (collectif aixois pour la d\u00e9fense et la dignit\u00e9 des Roms, des immigr\u00e9s et des sans papiers) \u00e0 Aix en Provence, les [&hellip;]<\/p>\n","protected":false},"author":1,"featured_media":0,"comment_status":"open","ping_status":"open","sticky":false,"template":"","format":"standard","meta":{"footnotes":""},"categories":[3,18,20],"tags":[],"class_list":["post-12333","post","type-post","status-publish","format-standard","hentry","category-fabrique-du-droit","category-migrants-roms","category-non-classe"],"_links":{"self":[{"href":"https:\/\/archives.rencontrestsiganes.org\/index.php\/wp-json\/wp\/v2\/posts\/12333","targetHints":{"allow":["GET"]}}],"collection":[{"href":"https:\/\/archives.rencontrestsiganes.org\/index.php\/wp-json\/wp\/v2\/posts"}],"about":[{"href":"https:\/\/archives.rencontrestsiganes.org\/index.php\/wp-json\/wp\/v2\/types\/post"}],"author":[{"embeddable":true,"href":"https:\/\/archives.rencontrestsiganes.org\/index.php\/wp-json\/wp\/v2\/users\/1"}],"replies":[{"embeddable":true,"href":"https:\/\/archives.rencontrestsiganes.org\/index.php\/wp-json\/wp\/v2\/comments?post=12333"}],"version-history":[{"count":0,"href":"https:\/\/archives.rencontrestsiganes.org\/index.php\/wp-json\/wp\/v2\/posts\/12333\/revisions"}],"wp:attachment":[{"href":"https:\/\/archives.rencontrestsiganes.org\/index.php\/wp-json\/wp\/v2\/media?parent=12333"}],"wp:term":[{"taxonomy":"category","embeddable":true,"href":"https:\/\/archives.rencontrestsiganes.org\/index.php\/wp-json\/wp\/v2\/categories?post=12333"},{"taxonomy":"post_tag","embeddable":true,"href":"https:\/\/archives.rencontrestsiganes.org\/index.php\/wp-json\/wp\/v2\/tags?post=12333"}],"curies":[{"name":"wp","href":"https:\/\/api.w.org\/{rel}","templated":true}]}}