{"id":1229,"date":"2014-02-13T17:40:18","date_gmt":"2014-02-13T17:40:18","guid":{"rendered":"http:\/\/rt.boullier.fr\/?p=1229"},"modified":"2014-02-13T17:40:18","modified_gmt":"2014-02-13T17:40:18","slug":"art1229","status":"publish","type":"post","link":"https:\/\/archives.rencontrestsiganes.org\/index.php\/2014\/02\/13\/art1229\/","title":{"rendered":"Une premi\u00e8re : Un gitan b\u00e9atifi\u00e9"},"content":{"rendered":"<p style=\"text-align: center;\">C\u00e9ferino GIMENEZ MALLA<\/p>\n<div style=\"text-align: center;\"><a title=\"JPEG - 125.9 ko\" href=\"https:\/\/archives.rencontrestsiganes.org\/IMG\/jpg\/Saint_GITAN_de_nantes_jpg.jpg\" type=\"image\/jpeg\"><img loading=\"lazy\" decoding=\"async\" class=\"miniature_document\" src=\"https:\/\/archives.rencontrestsiganes.org\/local\/cache-vignettes\/L110xH83\/Saint_GITAN_de_nantes_jpg-0a950.jpg\" alt=\"\" width=\"155\" height=\"90\" \/><\/a><\/div>\n<p>&nbsp;<\/p>\n<p>Biographie<\/p>\n<p style=\"text-align: justify;\">Il est n\u00e9 en 1861 en Espagne d&rsquo;une famille gitane. Il vit de fa\u00e7on nomade pendant quarante ans, puis s&rsquo;\u00e9tablit \u00e0 Barbastro et se marie, mais n&rsquo;a pas d&rsquo;enfant1.<\/p>\n<p>Ceferino enseigne le cat\u00e9chisme aux jeunes roms, en se basant surtout sur la Bible et en entra\u00eenant \u00e0 la pri\u00e8re quotidienne. Il arbitre les diff\u00e9rents et assure la paix dans la communaut\u00e9. Il exerce la profession de vendeur d&rsquo;animaux1.<\/p>\n<p>Il entre en 1926 dans le Tiers-Ordre franciscain, et fait partie de la Conf\u00e9rence de Saint-Vincent-de-Paul pour le secours aux d\u00e9favoris\u00e9s. Il participe \u00e0 des nuits d&rsquo;adoration, va souvent \u00e0 la messe, prie et r\u00e9cite le rosaire1,2.<\/p>\n<p>Pendant la guerre d&rsquo;Espagne en 1936, il prend la d\u00e9fense d&rsquo;un pr\u00eatre maltrait\u00e9. Arr\u00eat\u00e9 \u00e0 son tour, il est tu\u00e9 \u00e0 Barbastro le 9 ao\u00fbt 19363, un chapelet en mains. Enterr\u00e9 dans une fosse commune, son corps n&rsquo;a pas \u00e9t\u00e9 retrouv\u00e91.<\/p>\n<p>Ses vertus sont reconnues, ainsi que son martyre, ce qui m\u00e8ne \u00e0 sa b\u00e9atification par l&rsquo;Eglise Catholique par le pape Jean-Paul II, le 4 mai 19972, en pr\u00e9sence de milliers de gitans.<\/p>\n<p>Le bienheureux Ceferino Gim\u00e9nez Malla est f\u00eat\u00e9 le 4 ao\u00fbt. Il est le saint patron des Roms et des Sinti. Il est le premier gitan b\u00e9atifi\u00e9.<\/p>\n","protected":false},"excerpt":{"rendered":"<p> Des amis de passage \u00e0 Nantes nous transmettent cette plaque d\u00e9couverte dans la chapelle  Saint Nicolas. <\/p>\n","protected":false},"author":1,"featured_media":0,"comment_status":"closed","ping_status":"closed","sticky":false,"template":"","format":"standard","meta":{"footnotes":""},"categories":[10],"tags":[],"class_list":["post-1229","post","type-post","status-publish","format-standard","hentry","category-festivals-et-manifestations"],"_links":{"self":[{"href":"https:\/\/archives.rencontrestsiganes.org\/index.php\/wp-json\/wp\/v2\/posts\/1229","targetHints":{"allow":["GET"]}}],"collection":[{"href":"https:\/\/archives.rencontrestsiganes.org\/index.php\/wp-json\/wp\/v2\/posts"}],"about":[{"href":"https:\/\/archives.rencontrestsiganes.org\/index.php\/wp-json\/wp\/v2\/types\/post"}],"author":[{"embeddable":true,"href":"https:\/\/archives.rencontrestsiganes.org\/index.php\/wp-json\/wp\/v2\/users\/1"}],"replies":[{"embeddable":true,"href":"https:\/\/archives.rencontrestsiganes.org\/index.php\/wp-json\/wp\/v2\/comments?post=1229"}],"version-history":[{"count":0,"href":"https:\/\/archives.rencontrestsiganes.org\/index.php\/wp-json\/wp\/v2\/posts\/1229\/revisions"}],"wp:attachment":[{"href":"https:\/\/archives.rencontrestsiganes.org\/index.php\/wp-json\/wp\/v2\/media?parent=1229"}],"wp:term":[{"taxonomy":"category","embeddable":true,"href":"https:\/\/archives.rencontrestsiganes.org\/index.php\/wp-json\/wp\/v2\/categories?post=1229"},{"taxonomy":"post_tag","embeddable":true,"href":"https:\/\/archives.rencontrestsiganes.org\/index.php\/wp-json\/wp\/v2\/tags?post=1229"}],"curies":[{"name":"wp","href":"https:\/\/api.w.org\/{rel}","templated":true}]}}