{"id":12227,"date":"2015-10-20T09:54:00","date_gmt":"2015-10-20T08:54:00","guid":{"rendered":"https:\/\/archives.rencontrestsiganes.org\/?p=12227"},"modified":"2015-10-20T09:54:00","modified_gmt":"2015-10-20T08:54:00","slug":"une-integration-reussie","status":"publish","type":"post","link":"https:\/\/archives.rencontrestsiganes.org\/index.php\/2015\/10\/20\/une-integration-reussie\/","title":{"rendered":"Une int\u00e9gration r\u00e9ussie"},"content":{"rendered":"<p><img loading=\"lazy\" decoding=\"async\" class=\"aligncenter size-medium wp-image-12230\" src=\"https:\/\/archives.rencontrestsiganes.org\/wp-content\/uploads\/Linte\u0301gration-re\u0301ussie--300x200.jpg\" alt=\"Linte\u0301gration re\u0301ussie\" width=\"300\" height=\"200\" \/><\/p>\n<p>&nbsp;<\/p>\n<p><strong>Une famille de Roms du puits Z s\u2019est install\u00e9e sur la commune de Saint-Martin-de-Boubaux, en Loz\u00e8re, permettant \u00e0 l\u2019\u00e9cole du village d\u2019\u00e9viter la fermeture. Ou quand l&rsquo;immigration est une chance pour les zones rurales \u00e0 la d\u00e9mographie d\u00e9clinante.<\/strong><\/p>\n<ul>\n<li>\u00c9crit par\u00a0 <a href=\"http:\/\/www.lamarseillaise.fr\/analyses-de-la-redaction\/decryptage\/author\/3248-sabrinaguintini\">Sabrina Guintini<\/a><\/li>\n<li>lundi 5 octobre 2015 19:29<\/li>\n<\/ul>\n<p>La ville de Gardanne (et son maire communiste, Roger Me\u00ef), s\u2019est retrouv\u00e9e sous les feux m\u00e9diatiques il y a 3 ans, pour avoir accueilli 11 familles de Roms sur un terrain am\u00e9nag\u00e9 au puits Z. Un h\u00e9bergement provisoire qui a permis \u00e0 la Ville et ses services, aux associations impliqu\u00e9es et \u00e0 certains habitants jamais d\u00e9stabilis\u00e9s par la bronca populaire et les r\u00e9cup\u00e9rations \u00e9lectorales malveillantes, d\u2019aider les familles \u00e0 trouver une issue \u00e0 leur errance.<\/p>\n<p>Depuis, certains ont, selon leurs souhaits, regagn\u00e9 la Roumanie. Une famille a \u00e9t\u00e9 relog\u00e9e aux Pennes Mirabeau, une autre \u00e0 Marseille, deux ont pris le chemin de l\u2019Irlande. Des trajectoires vari\u00e9es auxquelles vient de s\u2019ajouter celle, inattendue, qui a conduit Cornel, Violeta et leurs quatre enfants jusqu\u2019\u00e0 Saint-Martin-de-Boubaux, o\u00f9 leur arriv\u00e9e a permis \u00e0 l\u2019\u00e9cole du village un sursis salutaire.<\/p>\n<p>2012-2015 : l\u2019accueil au puits Z<\/p>\n<p>Septembre 2012 : deux camps de Roms s\u2019installent ill\u00e9galement \u00e0 Gardanne, l\u2019un au puits Morandat, l\u2019autre sur un terrain priv\u00e9. Alert\u00e9 par des associations locales, le maire PCF, Roger Me\u00ef, prend la d\u00e9cision, au lieu de les mettre dehors comme l\u2019\u00e9crasante majorit\u00e9 de ses homologues, d\u2019accueillir la dizaine de familles en un seul lieu : le puits Z, inexploit\u00e9 depuis la fermeture des mines au d\u00e9but des ann\u00e9es 2000.<\/p>\n<p>Pour justifier cet accueil d\u00e9cri\u00e9 par une grande partie de la population, Roger Me\u00ef brandit la circulaire du 26 Ao\u00fbt 2012, rappelant que \u00ab\u00a0les principes fondateurs de la R\u00e9publique exigent d\u2019assurer un traitement \u00e9gal et digne de toute personne en situation de d\u00e9tresse sociale\u00a0\u00bb. Ce \u00e0 un an et demi des \u00e9lections municipales&#8230; Une prise de risque que l\u2019\u00e9dile balaie d\u2019un argument : pour lui, il s\u2019agit de respecter les Droits de l\u2019Homme. \u00ab\u00a0Nous prenons notre part d\u2019humanit\u00e9 pour aider ces personnes, qui sont des citoyens comme les autres, avec les m\u00eames droits et les m\u00eames devoirs.\u00a0\u00bb<br \/>\nConstitu\u00e9es en collectif, les associations \u00e9paulent la municipalit\u00e9 et le CCAS. Raccordements \u00e9lectriques, alimentation en eau potable, installation de caravanes et d\u2019une toilette s\u00e8che, mise en place d\u2019un container et d\u2019une zone de ferraillage&#8230; La police municipale est pr\u00e9sente au quotidien pour s\u2019assurer que les familles respectent la charte r\u00e9dig\u00e9e par la Ville\u00a0: scolarit\u00e9 obligatoire des enfants, entretien du camp, interdiction de mendier, interdiction d\u2019accueillir des personnes ext\u00e9rieures et autres r\u00e8gles y sont list\u00e9es.<\/p>\n<p>Un accompagnement \u00e0 la scolarit\u00e9 est organis\u00e9, les m\u00e8res suivent des cours d\u2019alphab\u00e9tisation. M\u00e9decins du Monde se charge du suivi m\u00e9dical tandis que le collectif, aid\u00e9 par un travailleur social missionn\u00e9 par le CCAS, se d\u00e9p\u00eatre de formalit\u00e9s administratives compliqu\u00e9es pour notamment, aider les Roms \u00e0 trouver du travail suite aux lev\u00e9es des mesures transitoires en janvier 2014.<br \/>\nL\u2019op\u00e9ration n\u00e9cessite des demandes de financement auxquelles r\u00e9pondent l\u2019Etat (83 666 euros), le Conseil g\u00e9n\u00e9ral (35 000 euros), la Ville d\u00e9boursant 34 000 euros. L\u2019Europe, sollicit\u00e9e, est aux abonn\u00e9s absents malgr\u00e9 la confortable enveloppe allou\u00e9e \u00e0 ce type de projet. En juin 2014, de nouvelles subventions permettent la reconduite de l\u2019accueil, avec pour objectif une fermeture d\u00e9finitive du camp dans les mois \u00e0 venir \u2013 \u00e0 condition que chaque famille soit r\u00e9ins\u00e9r\u00e9e en dehors de Gardanne\u00a0: 140 000 euros sont inject\u00e9s par les m\u00eames acteurs, avec une enveloppe suppl\u00e9mentaire de l\u2019Etat (11 500 euros) pour accompagner le relogement. Sur les 85 personnes accueillies en 2012, 31 ont quitt\u00e9 le site sur un projet d\u2019int\u00e9gration, 6 ont \u00e9t\u00e9 exclues, 6 sont parties volontairement. Une quarantaine de Roms reste \u00e0 reloger apr\u00e8s l\u2019ann\u00e9e scolaire en cours.<\/p>\n<p><strong>D\u2019une ville industrielle \u00e0 un village rural<\/strong><\/p>\n<p>A la fronti\u00e8re du Gard et de la Loz\u00e8re : Saint-Martin-de-Boubaux, minuscule village auquel on acc\u00e8de par une route \u00e9troite et sinueuse, bord\u00e9e de ch\u00e2taigniers et de vieilles pierres. Un coin de paradis forestier o\u00f9 vit une petite poign\u00e9e d\u2019habitants &#8211; trop peu pour assurer \u00e0 son \u00e9cole une ouverture p\u00e9renne. Pour les \u00e9l\u00e8ves, les cons\u00e9quences de la fermeture seraient lourdes, comme l\u2019indique Jean-Pierre Michelet, adjoint au maire : \u00ab\u00a0Les enfants seront oblig\u00e9s de se rendre \u00e0 15 kilom\u00e8tres, soit 40 minutes de car jusqu\u2019au Collet de D\u00e8ze, o\u00f9 il faudra en plus ouvrir une classe et cr\u00e9er un poste. Cela revient \u00e0 d\u00e9placer le probl\u00e8me. On a estim\u00e9 \u00e0 40 000 euros les frais de transport par an. Pour nous, c\u2019est inenvisageable.\u00a0\u00bb<\/p>\n<p>La solution, c\u2019est un b\u00e9n\u00e9vole de la Fondation Abb\u00e9-Pierre, Patrick, qui la leur donne : pourquoi ne pas demander au maire de Gardanne, \u00e0 184 kilom\u00e8tres de l\u00e0, d\u2019installer une famille rom dans le village ? Aussit\u00f4t propos\u00e9, aussit\u00f4t mis en pratique : Roger Me\u00ef et les membres du collectif Roms d\u00e9signent quatre familles potentiellement int\u00e9ress\u00e9es, et les emm\u00e8nent jusqu\u2019en Loz\u00e8re. Sur place, le maire PCF, Alain Louche, leur explique qu\u2019il mettra \u00e0 leur disposition, un logement social (460 euros par mois), et au p\u00e8re de famille, un travail dans la scierie de la commune. Les principaux int\u00e9ress\u00e9s ne semblent pas renvers\u00e9s outre mesure par le tableau d\u00e9peint.<\/p>\n<p>Cornel et Violeta Banciu, eux, se montrent instantan\u00e9ment s\u00e9duits par la perspective d\u2019un changement de vie radical : d\u2019une ville industrielle de 21 000 habitants \u00e0 une commune rurale de 180 \u00e2mes (le village en lui-m\u00eame compte une douzaine d\u2019habitants en plein hiver), l\u2019id\u00e9e de refuser une telle exp\u00e9rience ne les effleure m\u00eame pas. Alain Louche demande \u00e0 Cornel de faire un essai \u00e0 la scierie. Concluant. Pr\u00e9c\u00e9d\u00e9s par un camion affr\u00e9t\u00e9 par le collectif, o\u00f9 s\u2019entassent quelques meubles offerts par la Fondation Abb\u00e9-Pierre, Cornel et Violeta prennent donc la route en mars 2015 avec leurs enfants, Cornelia, Amador, Armando et la petite derni\u00e8re, Maria, deux ans &#8211; un des quatre \u00ab\u00a0b\u00e9b\u00e9s puits Z\u00a0\u00bb.<\/p>\n","protected":false},"excerpt":{"rendered":"<p>&nbsp; Une famille de Roms du puits Z s\u2019est install\u00e9e sur la commune de Saint-Martin-de-Boubaux, en Loz\u00e8re, permettant \u00e0 l\u2019\u00e9cole du village d\u2019\u00e9viter la fermeture. Ou quand l&rsquo;immigration est une chance pour les zones rurales \u00e0 la d\u00e9mographie d\u00e9clinante. \u00c9crit par\u00a0 Sabrina Guintini lundi 5 octobre 2015 19:29 La ville de Gardanne (et son maire [&hellip;]<\/p>\n","protected":false},"author":1,"featured_media":0,"comment_status":"open","ping_status":"open","sticky":false,"template":"","format":"standard","meta":{"footnotes":""},"categories":[18,20,25],"tags":[],"class_list":["post-12227","post","type-post","status-publish","format-standard","hentry","category-migrants-roms","category-non-classe","category-sur-le-terrain"],"_links":{"self":[{"href":"https:\/\/archives.rencontrestsiganes.org\/index.php\/wp-json\/wp\/v2\/posts\/12227","targetHints":{"allow":["GET"]}}],"collection":[{"href":"https:\/\/archives.rencontrestsiganes.org\/index.php\/wp-json\/wp\/v2\/posts"}],"about":[{"href":"https:\/\/archives.rencontrestsiganes.org\/index.php\/wp-json\/wp\/v2\/types\/post"}],"author":[{"embeddable":true,"href":"https:\/\/archives.rencontrestsiganes.org\/index.php\/wp-json\/wp\/v2\/users\/1"}],"replies":[{"embeddable":true,"href":"https:\/\/archives.rencontrestsiganes.org\/index.php\/wp-json\/wp\/v2\/comments?post=12227"}],"version-history":[{"count":0,"href":"https:\/\/archives.rencontrestsiganes.org\/index.php\/wp-json\/wp\/v2\/posts\/12227\/revisions"}],"wp:attachment":[{"href":"https:\/\/archives.rencontrestsiganes.org\/index.php\/wp-json\/wp\/v2\/media?parent=12227"}],"wp:term":[{"taxonomy":"category","embeddable":true,"href":"https:\/\/archives.rencontrestsiganes.org\/index.php\/wp-json\/wp\/v2\/categories?post=12227"},{"taxonomy":"post_tag","embeddable":true,"href":"https:\/\/archives.rencontrestsiganes.org\/index.php\/wp-json\/wp\/v2\/tags?post=12227"}],"curies":[{"name":"wp","href":"https:\/\/api.w.org\/{rel}","templated":true}]}}