{"id":1218,"date":"2014-01-10T17:08:29","date_gmt":"2014-01-10T17:08:29","guid":{"rendered":"http:\/\/rt.boullier.fr\/?p=1218"},"modified":"2014-01-10T17:08:29","modified_gmt":"2014-01-10T17:08:29","slug":"art1218","status":"publish","type":"post","link":"https:\/\/archives.rencontrestsiganes.org\/index.php\/2014\/01\/10\/art1218\/","title":{"rendered":"Roms et gens du voyage dans les m\u00e9dias"},"content":{"rendered":"<p>A l&rsquo;occasion\u00a0de l&rsquo;Assembl\u00e9e g\u00e9n\u00e9rale de Rencontres Tsiganes<\/p>\n<p style=\"text-align: left;\">Vous \u00eates invit\u00e9(e)s<\/p>\n<p style=\"text-align: left;\"><span style=\"font-size: 14px;\">\u00e0 prendre part \u00e0 une conf\u00e9rence &#8211; d\u00e9bat sur le th\u00e8me\u00a0:<\/span><\/p>\n<p style=\"text-align: center;\">\u00a0<span style=\"font-size: 20px;\"><u><strong><span class=\"scayt-misspell\" data-scayt_word=\"Roms\" data-scaytid=\"1\">Roms<\/span> et Gens du voyage dans les m\u00e9dias<\/strong><\/u><\/span><\/p>\n<p style=\"text-align: center;\"><strong>avec le concours de journalistes de la presse locale\u00a0et nationale\u00a0:<\/strong><\/p>\n<p style=\"text-align: center;\"><strong><br \/>\n<span style=\"font-size: 18px;\"><span class=\"scayt-misspell\" data-scayt_word=\"S\u00e9bastien\" data-scaytid=\"57\">S\u00e9bastien<\/span> <span class=\"scayt-misspell\" data-scayt_word=\"Boistel\" data-scaytid=\"89\">Boistel<\/span> (Le Ravi Journal)<\/span><\/strong><\/p>\n<p style=\"text-align: center;\"><strong><span style=\"font-size: 18px;\">Pierre <span class=\"scayt-misspell\" data-scayt_word=\"Coronas\" data-scaytid=\"3\">Coronas<\/span> (Journaliste ind\u00e9pendant)<\/span><\/strong><\/p>\n<p style=\"text-align: center;\"><strong><span style=\"font-size: 18px;\"><span class=\"scayt-misspell\" data-scayt_word=\"Myriam\" data-scaytid=\"5\">Myriam<\/span> <span class=\"scayt-misspell\" data-scayt_word=\"Guillaume\" data-scaytid=\"7\">Guillaume<\/span> (La <span class=\"scayt-misspell\" data-scayt_word=\"Marseillaise\" data-scaytid=\"9\">Marseillaise<\/span>)<\/span><\/strong><\/p>\n<p style=\"text-align: center;\"><strong><span style=\"font-size: 18px;\">Jean-Marie <span class=\"scayt-misspell\" data-scayt_word=\"Leforestier\" data-scaytid=\"11\">Leforestier<\/span> (<span class=\"scayt-misspell\" data-scayt_word=\"Marsactu\" data-scaytid=\"13\">Marsactu<\/span>)<\/span><\/strong><\/p>\n<p style=\"text-align: center;\"><strong><span style=\"font-size: 18px;\"><span class=\"scayt-misspell\" data-scayt_word=\"Marga\u00efd\" data-scaytid=\"15\">Marga\u00efd<\/span> <span class=\"scayt-misspell\" data-scayt_word=\"Quioc\" data-scaytid=\"17\">Quioc<\/span> (<span class=\"scayt-misspell\" data-scayt_word=\"LCM\" data-scaytid=\"19\">LCM<\/span>)<\/span><\/strong><\/p>\n<p style=\"text-align: center;\"><strong><span style=\"font-size: 18px;\"><span class=\"scayt-misspell\" data-scayt_word=\"Georges\" data-scaytid=\"21\">Georges<\/span> <span class=\"scayt-misspell\" data-scayt_word=\"Robert\" data-scaytid=\"23\">Robert<\/span> (Photographe de Presse)<\/span><\/strong><\/p>\n<p style=\"text-align: center;\"><strong><span style=\"font-size: 18px;\"><span class=\"scayt-misspell\" data-scayt_word=\"Nicolas\" data-scaytid=\"25\">Nicolas<\/span> <span class=\"scayt-misspell\" data-scayt_word=\"Rom\u00e9as\" data-scaytid=\"27\">Rom\u00e9as<\/span> (Directeur de <span class=\"scayt-misspell\" data-scayt_word=\"Cassandre-Horschamp\" data-scaytid=\"29\">Cassandre-Horschamp<\/span>)<\/span><\/strong><\/p>\n<p style=\"text-align: center;\"><strong><span style=\"font-size: 18px;\"><span class=\"scayt-misspell\" data-scayt_word=\"Herv\u00e9\" data-scaytid=\"31\">Herv\u00e9<\/span> <span class=\"scayt-misspell\" data-scayt_word=\"Vaudoit\" data-scaytid=\"33\">Vaudoit<\/span> (La <span class=\"scayt-misspell\" data-scayt_word=\"Provence\" data-scaytid=\"35\">Provence<\/span>)<\/span><\/strong><\/p>\n<p style=\"text-align: center;\">\n<p style=\"text-align: center;\"><span style=\"font-size: 18px;\"><strong>SAMEDI 18 Janvier \u00e0 <span class=\"scayt-misspell\" data-scayt_word=\"16h00\" data-scaytid=\"37\">16h00<\/span><\/strong><\/span><\/p>\n<p style=\"text-align: center;\">Centre MISTRAL<br \/>\n11 impasse <span class=\"scayt-misspell\" data-scayt_word=\"Camille\" data-scaytid=\"39\">Camille<\/span> <span class=\"scayt-misspell\" data-scayt_word=\"Flammarion\" data-scaytid=\"41\">Flammarion<\/span> &#8211; <span class=\"scayt-misspell\" data-scayt_word=\"Marseille\" data-scaytid=\"45\">Marseille<\/span> 13001<\/p>\n<p style=\"text-align: center;\">(Parking assur\u00e9)<\/p>\n<p style=\"text-align: center;\">Un verre de l&rsquo;amiti\u00e9 cl\u00f4turera l&rsquo;apr\u00e8s-midi<\/p>\n<p>&nbsp;<\/p>\n<hr \/>\n<p><center><strong><span class=\"scayt-misspell\" data-scayt_word=\"Roms\" data-scaytid=\"43\">Roms<\/span> et Gens du voyage dans les m\u00e9dias<\/strong><\/center>&nbsp;<\/p>\n<p>Les diff\u00e9rents m\u00e9dias ont durant ces derniers mois fait une large place aux \u00e9v\u00e9nements concernant les <span class=\"scayt-misspell\" data-scayt_word=\"Roms\" data-scaytid=\"47\">Roms<\/span>, les Gens du voyage et aux propos tenus par un certain nombre d&rsquo;\u00e9lus. Les derni\u00e8res enqu\u00eates montrent en effet une augmentation massive des articles sur ce sujet sans commune mesure avec l&rsquo;importance num\u00e9rique de ces populations et de leur r\u00f4le dans la soci\u00e9t\u00e9. L&rsquo;enqu\u00eate de <span class=\"scayt-misspell\" data-scayt_word=\"Mediapol\" data-scaytid=\"49\">Mediapol<\/span> du 23 novembre 2013 pour la cha\u00eene parlementaire a ainsi recens\u00e9 depuis fin ao\u00fbt pas moins de 3884 articles dans les diff\u00e9rents journaux.<\/p>\n<p>Entre les propos haineux et condamnables de quelques \u00e9lus et l&rsquo;affaire <span class=\"scayt-misspell\" data-scayt_word=\"Leonarda\" data-scaytid=\"53\">Leonarda<\/span>, cette saga <span class=\"scayt-misspell\" data-scayt_word=\"m\u00e9diatique\" data-scaytid=\"55\">m\u00e9diatique<\/span> nous interpelle et nous conduit \u00e0 nous interroger sur les causes et les cons\u00e9quences d&rsquo;une telle mise en sc\u00e8ne de ces populations.<\/p>\n<p>Tout d&rsquo;abord convenons d&rsquo;\u00e9viter de rejeter la responsabilit\u00e9 de cette sur-m\u00e9diatisation sur les seuls journalistes. Dans ce domaine, on peut voir le pire comme le meilleur. Si certains se contentent de hurler avec les loups et de reproduire les clich\u00e9s et les pr\u00e9jug\u00e9s les plus\u00a0rabattus pour faire de l&rsquo;audience, d&rsquo;autres au contraire font un effort s\u00e9rieux d&rsquo;enqu\u00eate et d&rsquo;analyse qui remettent en cause bien des id\u00e9es re\u00e7ues.<\/p>\n<p>Pour notre part nous savons les effets n\u00e9gatifs directs de cette sur-exposition <span class=\"scayt-misspell\" data-scayt_word=\"m\u00e9diatique\" data-scaytid=\"63\">m\u00e9diatique<\/span> sur les int\u00e9ress\u00e9s, que ce soit les <span class=\"scayt-misspell\" data-scayt_word=\"Roms\" data-scaytid=\"65\">Roms<\/span> \u00e9trangers ou plus encore les Tsiganes Fran\u00e7ais. Pour la <span class=\"scayt-misspell\" data-scayt_word=\"plupart\" data-scaytid=\"69\">plupart<\/span>, ils recherchent la discr\u00e9tion. Ils se sentent directement et collectivement atteints par les propos et les accusations port\u00e9es contre tel ou tel membre de leur communaut\u00e9. <span class=\"scayt-misspell\" data-scayt_word=\"Quant\" data-scaytid=\"71\">Quant<\/span> aux citoyens, rares sont ceux qui prennent le temps de faire la part des choses entre les multiples sollicitations dont ils sont l&rsquo;objet.<\/p>\n<p>Au-del\u00e0 de la responsabilit\u00e9 des journalistes, cette saga <span class=\"scayt-misspell\" data-scayt_word=\"m\u00e9diatique\" data-scaytid=\"73\">m\u00e9diatique<\/span> trop souvent naus\u00e9abonde a des causes plus inqui\u00e9tantes qu&rsquo;il faut analyser. La responsabilit\u00e9 des propos et des comportements de certains \u00e9lus et responsables politiques et le silence de certains autres ne peuvent que renforcer les pr\u00e9jug\u00e9s d&rsquo;une opinion publique inqui\u00e8te en mal de boucs \u00e9missaires. L&rsquo;analyse d\u00e9taill\u00e9e des m\u00e9dias d\u00e9montre en effet que \u00ab\u00a0la question <span class=\"scayt-misspell\" data-scayt_word=\"Rom\" data-scaytid=\"75\">Rom<\/span>\u00a0\u00bb est vite mise en avant pour d\u00e9tourner l&rsquo;attention de l&rsquo;opinion sur d&rsquo;autres sujets plus d\u00e9licats. Tout semble se passer comme si les organes nationaux ne s&#8217;emparaient de la question des <span class=\"scayt-misspell\" data-scayt_word=\"Roms\" data-scaytid=\"77\">Roms<\/span> que lorsqu&rsquo;elle pouvait servir \u00e0 la mise en sc\u00e8ne politique, lorsqu&rsquo;il s&rsquo;agit d&rsquo;opposer les individus et les groupes politiques, de mettre en avant les rapports d&rsquo;alliance et d&rsquo;opposition, \u00e0 l&rsquo;int\u00e9rieur et entre les partis. Les <span class=\"scayt-misspell\" data-scayt_word=\"Roms\" data-scaytid=\"79\">Roms<\/span> ne servent alors plus que de pr\u00e9texte, comme tout autre th\u00e8me peut le faire, et disparaissent en tant que r\u00e9alit\u00e9 propre, en tant que condition humaine, au profit de la joute des \u00e9lites mise en sc\u00e8ne par l&rsquo;industrie <span class=\"scayt-misspell\" data-scayt_word=\"m\u00e9diatique\" data-scaytid=\"81\">m\u00e9diatique<\/span>.(Enqu\u00eate <span class=\"scayt-misspell\" data-scayt_word=\"M\u00e9diapol\" data-scaytid=\"85\">M\u00e9diapol<\/span>)<\/p>\n<p>Il nous faut donc poursuivre, contre vents et mar\u00e9es, le long et parfois d\u00e9cevant travail d&rsquo;information et de t\u00e9moignages aupr\u00e8s de nos concitoyens pour que les <span class=\"scayt-misspell\" data-scayt_word=\"Roms\" data-scaytid=\"83\">Roms<\/span>, les Tsiganes et autres gens du voyage puissent sans craindre le m\u00e9pris et le rejet assumer leurs origines et la richesse de leur culture.<\/p>\n<hr \/>\n<p>&nbsp;<\/p>\n","protected":false},"excerpt":{"rendered":"<p>A l&rsquo;occasion\u00a0de l&rsquo;Assembl\u00e9e g\u00e9n\u00e9rale de Rencontres Tsiganes Vous \u00eates invit\u00e9(e)s \u00e0 prendre part \u00e0 une conf\u00e9rence &#8211; d\u00e9bat sur le th\u00e8me\u00a0: \u00a0Roms et Gens du voyage dans les m\u00e9dias avec le concours de journalistes de la presse locale\u00a0et nationale\u00a0: S\u00e9bastien Boistel (Le Ravi Journal) Pierre Coronas (Journaliste ind\u00e9pendant) Myriam Guillaume (La Marseillaise) Jean-Marie Leforestier (Marsactu) [&hellip;]<\/p>\n","protected":false},"author":1,"featured_media":0,"comment_status":"closed","ping_status":"closed","sticky":false,"template":"","format":"standard","meta":{"footnotes":""},"categories":[10,25],"tags":[],"class_list":["post-1218","post","type-post","status-publish","format-standard","hentry","category-festivals-et-manifestations","category-sur-le-terrain"],"_links":{"self":[{"href":"https:\/\/archives.rencontrestsiganes.org\/index.php\/wp-json\/wp\/v2\/posts\/1218","targetHints":{"allow":["GET"]}}],"collection":[{"href":"https:\/\/archives.rencontrestsiganes.org\/index.php\/wp-json\/wp\/v2\/posts"}],"about":[{"href":"https:\/\/archives.rencontrestsiganes.org\/index.php\/wp-json\/wp\/v2\/types\/post"}],"author":[{"embeddable":true,"href":"https:\/\/archives.rencontrestsiganes.org\/index.php\/wp-json\/wp\/v2\/users\/1"}],"replies":[{"embeddable":true,"href":"https:\/\/archives.rencontrestsiganes.org\/index.php\/wp-json\/wp\/v2\/comments?post=1218"}],"version-history":[{"count":0,"href":"https:\/\/archives.rencontrestsiganes.org\/index.php\/wp-json\/wp\/v2\/posts\/1218\/revisions"}],"wp:attachment":[{"href":"https:\/\/archives.rencontrestsiganes.org\/index.php\/wp-json\/wp\/v2\/media?parent=1218"}],"wp:term":[{"taxonomy":"category","embeddable":true,"href":"https:\/\/archives.rencontrestsiganes.org\/index.php\/wp-json\/wp\/v2\/categories?post=1218"},{"taxonomy":"post_tag","embeddable":true,"href":"https:\/\/archives.rencontrestsiganes.org\/index.php\/wp-json\/wp\/v2\/tags?post=1218"}],"curies":[{"name":"wp","href":"https:\/\/api.w.org\/{rel}","templated":true}]}}