{"id":1212,"date":"2013-12-18T16:56:45","date_gmt":"2013-12-18T15:56:45","guid":{"rendered":"http:\/\/rt.boullier.fr\/?p=1212"},"modified":"2013-12-18T16:56:45","modified_gmt":"2013-12-18T15:56:45","slug":"art1212","status":"publish","type":"post","link":"https:\/\/archives.rencontrestsiganes.org\/index.php\/2013\/12\/18\/art1212\/","title":{"rendered":"Un r\u00e9pit pour les familles \u00e0 la rue dans les Bouches-du-Rh\u00f4ne ?"},"content":{"rendered":"<p style=\"text-align: center;\"><span style=\"font-size: 18px;\"><strong>Expulsion\u00a0: une tr\u00eave, par d\u00e9cence<\/strong><\/span><\/p>\n<p>Les trois r\u00e9sistants \u00e0 la peine\u00a0:\u00a0Fathi BOUAROUA\u00a0(Fondation Abb\u00e9 Pierre) &#8211; Bernard EYNAUD (LDH) &#8211;\u00a0Jean-Paul KOPP (Rencontres Tsiganes)<\/p>\n<p><a href=\"https:\/\/archives.rencontrestsiganes.org\/wp-content\/uploads\/2013\/12\/les_trois_re_sistants_.jpg\"><img loading=\"lazy\" decoding=\"async\" class=\"size-medium wp-image-11073 aligncenter\" src=\"https:\/\/archives.rencontrestsiganes.org\/wp-content\/uploads\/les_trois_re_sistants_-300x184.jpg\" alt=\"jpg\/les_trois_re_sistants_.jpg\" width=\"300\" height=\"184\" \/><\/a><\/p>\n<p><strong>R\u00e9unis sur le bidonville de La Parette, les responsables associatifs exigent des politiques et institutions qu&rsquo;ils prennent en compte la situation d&rsquo;urgence humanitaire.<br \/>\n<\/strong><\/p>\n<p style=\"text-align: justify;\">Apr\u00e8s de multiples rencontres, des p\u00e9titions et des communiqu\u00e9s, l&rsquo;action continue des associations a marqu\u00e9\u00a0pour l&rsquo;instant un point\u00a0malgr\u00e9 les propos mensongers et odieux\u00a0de certains \u00e9lus.\u00a0M\u00eame si l&rsquo;on ne peut parler d&rsquo;un moratoire et encore moins d&rsquo;une tr\u00eave hivernale, sauf danger imm\u00e9diat les familles\u00a0ne devraient plus \u00eatre inqui\u00e9t\u00e9es dans les prochains jours. Entour\u00e9es de nombreux b\u00e9n\u00e9voles, elles pourraient reconstituer un peu leur force. A Gardanne, \u00e0 Marseille, \u00e0 Vitrolles, les collectifs organisent des f\u00eates familiales pour tenter de redonner un peu le\u00a0moral \u00e0 chacun.<\/p>\n","protected":false},"excerpt":{"rendered":"<p> Apr\u00e8s une s\u00e9rie d&rsquo;expulsion \u00e0 Marseille \u00e0  la Cabucelle , Frais Vallon et \u00e0 Aix, il semble que les cris d&rsquo;alarmes  des associations  aient eu quelque effets<\/p>\n","protected":false},"author":1,"featured_media":0,"comment_status":"closed","ping_status":"closed","sticky":false,"template":"","format":"standard","meta":{"footnotes":""},"categories":[14,18,25],"tags":[60],"class_list":["post-1212","post","type-post","status-publish","format-standard","hentry","category-habitat-subi","category-migrants-roms","category-sur-le-terrain","tag-expulsions"],"_links":{"self":[{"href":"https:\/\/archives.rencontrestsiganes.org\/index.php\/wp-json\/wp\/v2\/posts\/1212","targetHints":{"allow":["GET"]}}],"collection":[{"href":"https:\/\/archives.rencontrestsiganes.org\/index.php\/wp-json\/wp\/v2\/posts"}],"about":[{"href":"https:\/\/archives.rencontrestsiganes.org\/index.php\/wp-json\/wp\/v2\/types\/post"}],"author":[{"embeddable":true,"href":"https:\/\/archives.rencontrestsiganes.org\/index.php\/wp-json\/wp\/v2\/users\/1"}],"replies":[{"embeddable":true,"href":"https:\/\/archives.rencontrestsiganes.org\/index.php\/wp-json\/wp\/v2\/comments?post=1212"}],"version-history":[{"count":0,"href":"https:\/\/archives.rencontrestsiganes.org\/index.php\/wp-json\/wp\/v2\/posts\/1212\/revisions"}],"wp:attachment":[{"href":"https:\/\/archives.rencontrestsiganes.org\/index.php\/wp-json\/wp\/v2\/media?parent=1212"}],"wp:term":[{"taxonomy":"category","embeddable":true,"href":"https:\/\/archives.rencontrestsiganes.org\/index.php\/wp-json\/wp\/v2\/categories?post=1212"},{"taxonomy":"post_tag","embeddable":true,"href":"https:\/\/archives.rencontrestsiganes.org\/index.php\/wp-json\/wp\/v2\/tags?post=1212"}],"curies":[{"name":"wp","href":"https:\/\/api.w.org\/{rel}","templated":true}]}}