{"id":12108,"date":"2015-09-14T19:05:33","date_gmt":"2015-09-14T18:05:33","guid":{"rendered":"https:\/\/archives.rencontrestsiganes.org\/?p=12108"},"modified":"2015-09-14T19:05:33","modified_gmt":"2015-09-14T18:05:33","slug":"un-debat-semantique-qui-nous-fait-honte","status":"publish","type":"post","link":"https:\/\/archives.rencontrestsiganes.org\/index.php\/2015\/09\/14\/un-debat-semantique-qui-nous-fait-honte\/","title":{"rendered":"Un d\u00e9bat s\u00e9mantique qui nous fait honte"},"content":{"rendered":"<h6 style=\"text-align: center;\"><em>\u00ab\u00c9migr\u00e9s ? Migrants ? Exil\u00e9s ? R\u00e9fugi\u00e9s ? Peu importe comment nous les appelons, ce sont eux qui nous appellent.\u00bb &#8211;\u00a0Bernard Pivot<\/em><\/h6>\n<p style=\"text-align: justify;\"><strong>\u00a0<img loading=\"lazy\" decoding=\"async\" class=\"size-medium wp-image-12110 alignleft\" src=\"https:\/\/archives.rencontrestsiganes.org\/wp-content\/uploads\/Ouvrez-maintenat-les-frontie\u0300res--300x169.jpg\" alt=\"Ouvrez maintenat les frontie\u0300res\" width=\"300\" height=\"169\" \/><\/strong><strong><em>Ne les appelez plus \u201cmigrants<\/em><\/strong>\u201c\u00a0: cette interpellation d\u2019un journaliste de la station AL-JAZIRA a sem\u00e9 la confusion alors que depuis quelques mois des centaines\u00a0de\u00a0milliers d\u2019hommes de femmes et d\u2019enfants tentent au risque de leur vie de fuir les guerres, la violence, les pillages, les viols, la confiscation de leur vie par des r\u00e9gimes sans droit, par des hordes barbares. En fonction du pays dont ils sont originaires on tente de leur mettre des \u00e9tiquettes et de faire des distinctions en fonction de crit\u00e8res tr\u00e8s discutables. Il y aurait des r\u00e9fugi\u00e9s politiques relevant d\u2019une demande d\u2019asile, venant de pays en guerre, des migrants \u00e9conomiques, d\u2019autres issus de pays consid\u00e9r\u00e9s comme s\u00fbrs, d\u2019autres encore attir\u00e9s par notre richesse. En Slovaquie ou en R\u00e9publique Tch\u00e8que, on se dit pr\u00e8s \u00e0 accueillir au compte-goutte ces nouveaux \u201cmigrants r\u00e9fugi\u00e9s\u201c s\u00e9lectionn\u00e9s en fonction de leur appartenance religieuse ou ethnique. En Hongrie, on dresse des barri\u00e8res et on les accueille \u00e0 coup de grenades lacrymog\u00e8nes. \u00ab\u00a0<strong>Le terme de migrant est-il adapt\u00e9 pour d\u00e9crire les horreurs auxquelles on assiste chaque jour aux fronti\u00e8res de l\u2019Europe\u00a0\u00bb<\/strong>. Alert\u00e9s enfin par l\u2019\u00e9motion de nombreux citoyens europ\u00e9ens qui se mobilisent, les principaux leaders de l\u2019Union Europ\u00e9enne essaient sans beaucoup de r\u00e9sultats, de se mettre d\u2019accord pour r\u00e9pondre \u00e0 cette urgence humanitaire.<\/p>\n<p style=\"text-align: justify;\">En France, apr\u00e8s un long silence, le Pr\u00e9sident de la R\u00e9publique vient d\u2019annoncer que 24 000 de ces \u201cr\u00e9fugi\u00e9s\u201c seront accueillis durant les deux prochaines ann\u00e9es mais il prend soin de pr\u00e9ciser que les \u201cmigrants\u201c \u00e9conomiques seront \u201creconduits\u201c dans leur pays d\u2019origine. Cette trop modeste ouverture laisse cependant perplexe. Voil\u00e0 des ann\u00e9es en effet qu\u2019une politique migratoire de plus en plus restrictive est en place sous la pression des courants id\u00e9ologiques d\u2019extr\u00eame droite et de droite au m\u00e9pris de la tradition fran\u00e7aise d\u2019accueil des r\u00e9fugi\u00e9s de toutes origines. Les quelques \u201cmigrants r\u00e9fugi\u00e9s\u201c qui ont pu b\u00e9n\u00e9ficier du droit d\u2019asile sont re\u00e7us dans des conditions souvent indignes du pays des droits de l\u2019homme. On peut s\u2019inqui\u00e9ter sur le sort qui attend les nouveaux arrivants et sur les conditions de leur s\u00e9lection par l\u2019OFPRA. La \u201cjungle\u201c de Calais comme les campements de fortune qui se multiplient \u00e0 Paris depuis quelque temps et qui sont r\u00e9guli\u00e8rement d\u00e9mantel\u00e9s par les forces de l\u2019ordre d\u00e9montrent l\u2019improvisation et l\u2019absence d\u2019une politique responsable. Les conditions faites depuis bient\u00f4t dix ans \u00e0 la derni\u00e8re vague migratoire venue de l\u2019Europe de l\u2019Est, font craindre le pire si l\u2019on se r\u00e9f\u00e8re \u00e0 la situation faite aux familles Roms.<\/p>\n<p>Certes, ceux que l\u2019on d\u00e9signe sous le terme \u201cRoms migrants\u201c ne rel\u00e8vent pas de la m\u00eame cat\u00e9gorie puisqu&rsquo;ils sont, pour la plupart, citoyens\u00a0de l&rsquo;Union europ\u00e9enne\u00a0et peuvent en principe y circuler et s\u2019y installer librement. Mais les conditions qui leur sont faites dans leur pays d\u2019origine, justifie qu\u2019ils cherchent eux aussi un pays d\u2019accueil ou leurs droits soient reconnus et respect\u00e9s. S\u2019ils n\u2019ont pas d\u00fb affronter les m\u00eames obstacles au p\u00e9ril de leur vie pour rejoindre le \u201cpays de la libert\u00e9\u201c, ils ont subi et subissent encore pour ceux qui ne peuvent fuir, les cons\u00e9quences d\u2019une discrimination et d\u2019un rejet largement r\u00e9pandu. Aujourd\u2019hui, en Hongrie, en Bulgarie comme en Slovaquie \u00ab<em>des murs sont \u00e9rig\u00e9s\u00a0pour s\u00e9parer les\u00a0ghettos\u00a0de la communaut\u00e9 \u00ab\u00a0blanche\u00a0\u00bb. Outre ces\u00a0barri\u00e8res physiques, des murs invisibles fracturent la soci\u00e9t\u00e9 slovaque\u00a0: les Roms\u00a0ont un acc\u00e8s limit\u00e9\u00a0\u00e0 l&rsquo;\u00e9ducation, car leurs enfants\u00a0sont\u00a0forc\u00e9s de\u00a0fr\u00e9quenter des \u00e9coles sp\u00e9ciales\u00a0pour enfants handicap\u00e9s ou des institutions dans lesquelles\u00a0il\u00a0n&rsquo;y a pas de\u00a0\u00ab\u00a0Blancs\u00a0\u00bb. Ils n&rsquo;ont pas acc\u00e8s au march\u00e9\u00a0du travail et\u00a0sont contraints de vivre\u00a0dans des conditions mis\u00e9rables\u00a0au sein de zones marginalis\u00e9es\u00a0des villes et villages.\u00a0\u00bb (collectif we report)<\/em><\/p>\n<p style=\"text-align: justify;\">La multiplication de bidonvilles et de squats r\u00e9guli\u00e8rement \u00e9vacu\u00e9s par les forces de l\u2019ordre comme r\u00e9cemment \u00e0 La Courneuve, \u00e0 Lyon ou Marseille, d\u00e9montre l\u2019incapacit\u00e9 de notre soci\u00e9t\u00e9 et de ses principaux leaders \u00e0 accepter de faire un peu de place \u00e0 quelques milliers de \u201cRoms migrants\u201c europ\u00e9ens.<\/p>\n<p style=\"text-align: justify;\">Il nous faut donc refuser absolument de rentrer dans ce d\u00e9bat naus\u00e9abond qui tente de faire des distinctions entre les \u201cmigrants\u201c, quelles que soient leurs origines.\u00a0C\u2019est bien de <strong>l\u2019accueil inconditionnel <\/strong>qu\u2019il s\u2018agit de promouvoir en r\u00e9f\u00e9rence a l\u2019article 13 de la D\u00e9claration Universelle\u00a0des Droits de l\u2019Homme : <em>Toute personne a le droit de circuler librement et de choisir sa r\u00e9sidence \u00e0 l\u2019int\u00e9rieur d\u2019un Etat. Toute personne a le droit de quitter tout pays y compris le sien et de revenir dans son pays. <\/em><\/p>\n<p style=\"text-align: justify;\">Apr\u00e8s une premi\u00e8re \u00e9tape \u00e9motionnelle et sans pr\u00e9juger d\u2019une \u00e9volution du comportement de nos concitoyens, il nous faut agir et manifester pour que les r\u00e9fugi\u00e9s d\u2019aujourd\u2019hui et de demain, venus d\u2019au-del\u00e0 de la M\u00e9diterran\u00e9e, soient dignement accueillis en France comme en Europe.<\/p>\n<p>Marseille le 11 septembre 2015<\/p>\n<p>Alain FOUREST<\/p>\n","protected":false},"excerpt":{"rendered":"<p>\u00ab\u00c9migr\u00e9s ? Migrants ? Exil\u00e9s ? R\u00e9fugi\u00e9s ? Peu importe comment nous les appelons, ce sont eux qui nous appellent.\u00bb &#8211;\u00a0Bernard Pivot \u00a0Ne les appelez plus \u201cmigrants\u201c\u00a0: cette interpellation d\u2019un journaliste de la station AL-JAZIRA a sem\u00e9 la confusion alors que depuis quelques mois des centaines\u00a0de\u00a0milliers d\u2019hommes de femmes et d\u2019enfants tentent au risque de [&hellip;]<\/p>\n","protected":false},"author":1,"featured_media":0,"comment_status":"open","ping_status":"open","sticky":false,"template":"","format":"standard","meta":{"footnotes":""},"categories":[3,18],"tags":[],"class_list":["post-12108","post","type-post","status-publish","format-standard","hentry","category-fabrique-du-droit","category-migrants-roms"],"_links":{"self":[{"href":"https:\/\/archives.rencontrestsiganes.org\/index.php\/wp-json\/wp\/v2\/posts\/12108","targetHints":{"allow":["GET"]}}],"collection":[{"href":"https:\/\/archives.rencontrestsiganes.org\/index.php\/wp-json\/wp\/v2\/posts"}],"about":[{"href":"https:\/\/archives.rencontrestsiganes.org\/index.php\/wp-json\/wp\/v2\/types\/post"}],"author":[{"embeddable":true,"href":"https:\/\/archives.rencontrestsiganes.org\/index.php\/wp-json\/wp\/v2\/users\/1"}],"replies":[{"embeddable":true,"href":"https:\/\/archives.rencontrestsiganes.org\/index.php\/wp-json\/wp\/v2\/comments?post=12108"}],"version-history":[{"count":0,"href":"https:\/\/archives.rencontrestsiganes.org\/index.php\/wp-json\/wp\/v2\/posts\/12108\/revisions"}],"wp:attachment":[{"href":"https:\/\/archives.rencontrestsiganes.org\/index.php\/wp-json\/wp\/v2\/media?parent=12108"}],"wp:term":[{"taxonomy":"category","embeddable":true,"href":"https:\/\/archives.rencontrestsiganes.org\/index.php\/wp-json\/wp\/v2\/categories?post=12108"},{"taxonomy":"post_tag","embeddable":true,"href":"https:\/\/archives.rencontrestsiganes.org\/index.php\/wp-json\/wp\/v2\/tags?post=12108"}],"curies":[{"name":"wp","href":"https:\/\/api.w.org\/{rel}","templated":true}]}}