{"id":11969,"date":"2015-07-20T10:35:51","date_gmt":"2015-07-20T09:35:51","guid":{"rendered":"https:\/\/archives.rencontrestsiganes.org\/?p=11969"},"modified":"2015-07-20T10:35:51","modified_gmt":"2015-07-20T09:35:51","slug":"caserne-massena-busserade-retour-sur-une-evacuation-sans-solutions","status":"publish","type":"post","link":"https:\/\/archives.rencontrestsiganes.org\/index.php\/2015\/07\/20\/caserne-massena-busserade-retour-sur-une-evacuation-sans-solutions\/","title":{"rendered":"Caserne Massena-Busserade : retour sur une \u00e9vacuation sans solution"},"content":{"rendered":"<p style=\"text-align: justify;\" align=\"JUSTIFY\"><span style=\"font-family: Calibri, sans-serif;\"><span style=\"font-size: large;\"><a href=\"https:\/\/archives.rencontrestsiganes.org\/wp-content\/uploads\/Photo3.jpg\"><img loading=\"lazy\" decoding=\"async\" class=\"alignnone  wp-image-11971\" src=\"https:\/\/archives.rencontrestsiganes.org\/wp-content\/uploads\/Photo3-300x169.jpg\" alt=\"Photo3\" width=\"399\" height=\"225\" \/><\/a><\/span><\/span><\/p>\n<p align=\"JUSTIFY\">Un squat, un bidonville, un camp, un campement illicite, c&rsquo;est avant tout un lieu de vie.<\/p>\n<p align=\"JUSTIFY\">La caserne Busserade, rue Mass\u00e9na \u00e0 Marseille, l&rsquo;a \u00e9t\u00e9 pendant 10 mois. Deux \u00e9normes et imposantes b\u00e2tisses, inoccup\u00e9es depuis des ann\u00e9es, ont abrit\u00e9, d\u00e8s le mois de septembre 2014, des dizaines de familles. Les unes venaient d&rsquo;\u00eatre expuls\u00e9es de la bastide de Fontainieu dans le 14\u00b0, les autres d&rsquo;un terrain, 124 bd Plombi\u00e8res. Chaque groupe a investi un b\u00e2timent\u00a0: \u00ab\u00a0ceux de Fontainieu\u00a0\u00bb le b\u00e2timent en U, \u00ab\u00a0ceux de Plombi\u00e8res\u00a0\u00bb la grosse b\u00e2tisse carr\u00e9.<\/p>\n<p align=\"JUSTIFY\">Pour \u00ab\u00a0ceux de Plombi\u00e8res\u00a0\u00bb, ce nouveau lieu de vie n&rsquo;\u00e9tait gu\u00e8re \u00e9loign\u00e9 du pr\u00e9c\u00e9dent. Cela a permis aux enfants d&rsquo;entamer la nouvelle ann\u00e9e scolaire dans les m\u00eames \u00e9coles ou coll\u00e8ges : R\u00e9volution, Bellevue etc&#8230;\u00a0Pour \u00ab\u00a0ceux de Fontainieu\u00bb, il a fallu proc\u00e9der \u00e0 de nouvelles inscriptions. L&rsquo;\u00e9cole Mass\u00e9na-Busserade, mitoyenne de la caserne et dont le directeur s&rsquo;est montr\u00e9 d&rsquo;une extr\u00eame bienveillance, a pu en accueillir certains, d&rsquo;autres sont rest\u00e9s en attente d&rsquo;affectation&#8230;<\/p>\n<p align=\"JUSTIFY\">Tr\u00e8s vite les associations qui intervenaient dans les lieux o\u00f9 vivaient pr\u00e9c\u00e9demment ces familles, sont revenus \u00e0 la caserne :\u00a0<em>C&rsquo;est la faute \u00e0 Voltaire<\/em>\u00a0et <em>la\u00a0biblioth\u00e8que de rue\u00a0d&rsquo;ATD quart monde<\/em> ont ramen\u00e9 leurs caisses de livres pour enfants et propos\u00e9 toutes les semaines des ateliers de lecture et d\u00e9couverte du livre.\u00a0<em>ArteChavalo<\/em>\u00a0a organis\u00e9 des sorties avec les enfants ou des activit\u00e9s ludiques sur le site.\u00a0<em>L&rsquo;\u00e9cole au\u00a0pr\u00e9sent<\/em>\u00a0a assur\u00e9 le suivi de la scolarisation, des inscriptions dans les cantines etc &#8230;<\/p>\n<p align=\"JUSTIFY\">Les b\u00e9n\u00e9voles de\u00a0<em>CCFD Terre solidaire<\/em>,\u00a0de <em>RESF<\/em>, du\u00a0<em>Secours catholique<\/em>, de la <em>CIMADE<\/em> ont continu\u00e9, comme ils le faisaient auparavant, \u00e0 accompagner les familles dans leurs d\u00e9marches administratives, ont propos\u00e9 du soutien scolaire et des cours de fran\u00e7ais aux adultes.<\/p>\n<p align=\"JUSTIFY\">Les \u00e9ducateurs de l&rsquo;<em>ADDAP13<\/em> ont poursuivi l&rsquo; accompagnement social de \u00ab\u00a0ceux de Fontainieu\u00a0\u00bb.<\/p>\n<p align=\"JUSTIFY\">A l&rsquo;initiative de la directrice de la<em> Maison de la solidarit<\/em>\u00e9 de la Belle de Mai, un projet intitul\u00e9 \u00ab\u00a0Entre le coll\u00e8ge et la mission locale\u00a0\u00bb a vu le jour. Dans des locaux mis \u00e0 disposition par la <em>Fraternit\u00e9 Belle de Mai<\/em>, des adolescents de la \u00a0caserne ont pu suivre des cours de FLE.<\/p>\n<p align=\"JUSTIFY\">La commission de s\u00e9curit\u00e9 GE2II (groupement d&rsquo;\u00e9valuation des installations illicites)\u00a0habituellement si prompte \u00e0 venir proc\u00e9der \u00e0 un \u00e9tat des lieux et \u00e9mettre son verdict d\u00e8s que des familles s&rsquo;installent sur un nouveau site, n&rsquo;est pas venue, ni au d\u00e9but ni au cours des mois qui ont suivi.<\/p>\n<p style=\"text-align: justify;\" align=\"JUSTIFY\">Pourtant elle aurait pu constater que d\u00e8s les premiers jours, les montants en fonte des gardes-corps des nombreux escaliers avaient \u00e9t\u00e9 descell\u00e9s pour \u00eatre revendus, idem pour quelques goutti\u00e8res. Il faut dire que la tentation \u00e9tait grande pour ceux qui, faute de mieux, vivent de l&rsquo;activit\u00e9 de ferraillage.\u00a0Cela a \u00e9t\u00e9 l&rsquo;objet de vives discussions avec les \u00e9ducateurs de l&rsquo;<em>ADDAP13<\/em>. Si le lieu pr\u00e9sentait des risques, ceux ci ne pourraient plus venir et poursuivre le travail d&rsquo;accompagnement social. Un compromis a \u00e9t\u00e9 trouv\u00e9 : remplacer les montants des garde-corps par du contreplaqu\u00e9 ou autres planches, condamner l&rsquo;acc\u00e8s des parties dangereuses pour la s\u00e9curit\u00e9 des enfants.<\/p>\n<p style=\"text-align: justify;\" align=\"JUSTIFY\">Au d\u00e9but de l&rsquo;hiver, suite \u00e0 de violents orages, il y a eu \u00e9galement un effondrement d&rsquo;un morceau de toiture dans la grande b\u00e2tisse carr\u00e9e. Une famille vivait dans cette partie l\u00e0. On lui a conseill\u00e9 de se d\u00e9placer. Ce n&rsquo;est pas la place qui manquait dans ces b\u00e2timents&#8230;<\/p>\n<p style=\"text-align: justify;\" align=\"JUSTIFY\">La ville de Marseille, propri\u00e9taire du site, a assez rapidement engag\u00e9 une proc\u00e9dure en r\u00e9f\u00e9r\u00e9. Apr\u00e8s plusieurs renvois, l&rsquo;audience a eu lieu le 2 avril 2015 et l&rsquo;ordonnance de r\u00e9f\u00e9r\u00e9 rendue le 2 mai 2015. En une demi-page le juge a liquid\u00e9 le sort de ces familles et demand\u00e9 leur\u00a0expulsion en n&rsquo;accordant qu&rsquo;un d\u00e9lai d&rsquo;un mois. L&rsquo;avocate, avec l&rsquo;accord des familles, d\u00e9cidait d&rsquo;interjeter appel contre cette d\u00e9cision.<\/p>\n<p style=\"text-align: justify;\">L&rsquo;id\u00e9e qu&rsquo;une stabilisation sur ce site, comme nous sommes nombreux \u00e0 le demander lorsque les conditions sont r\u00e9unies, \u00e9tait possible, a\u00a0malgr\u00e9 tout fait son chemin. Du c\u00f4t\u00e9 de la Pr\u00e9fecture on ne semblait gu\u00e8re press\u00e9 d&rsquo;accorder le concours de la force publique pour ex\u00e9cuter le jugement rendu. Mais fin juin,\u00a0un \u00e9lu municipal, dans une lettre adress\u00e9e au pr\u00e9fet, insistait\u00a0pour que cette\u00a0\u00e9vacuation ait lieu. Cela a contraint les services de l&rsquo;Etat \u00e0 envoyer cette fois la commission de s\u00e9curit\u00e9.\u00a0Dans la foul\u00e9e la ville de Marseille a nomm\u00e9 un expert aupr\u00e8s des tribunaux afin d&rsquo;\u00e9valuer la dangerosit\u00e9 du site. Celui-ci, sans trop de discernement, a d\u00e9cr\u00e9t\u00e9 que la totalit\u00e9 du site pr\u00e9sentait un risque de p\u00e9ril imminent mettant en particulier en \u00e9vidence la disparition des garde-corps et goutti\u00e8res et le trou dans la toiture&#8230; L&rsquo;avis \u00e9tait placard\u00e9 le 29 juin \u00e0 l&rsquo;entr\u00e9e de la caserne et notifi\u00e9 aux quelques personnes pr\u00e9sentes. Au cours d&rsquo;une r\u00e9union \u00e0 la DDCS le 1 juillet, nous apprenions que le pr\u00e9fet avait d\u00e9cid\u00e9 que l&rsquo;\u00e9vacuation aurait lieu le 2 juillet \u00e0 8h30. Sur le site vivaient alors 50 familles, 89 adultes et 83 enfants. 8 familles ont b\u00e9n\u00e9fici\u00e9 d&rsquo;une mise \u00e0 l&rsquo;abri \u00e0 l&rsquo;h\u00f4tel pour 6 nuits&#8230; Les autres ont repris le chemin de l&rsquo;errance.<\/p>\n<p style=\"text-align: justify;\">Et c&rsquo;est para\u00eet-il dans les Bouches du Rh\u00f4ne que la circulaire interminist\u00e9rielle du 26\/08\/12 est la mieux appliqu\u00e9e ! On n&rsquo;ose pas imaginer ce qui se passe ailleurs &#8230;<\/p>\n<p style=\"text-align: justify;\" align=\"JUSTIFY\">Au cours du mois de juin, un cin\u00e9aste chilien habitant le quartier \u00e9tait venu rendre visite aux familles et avait sympathis\u00e9 avec elles. Il avait en projet de r\u00e9aliser un film dont il avait d\u00e9j\u00e0 le titre \u00ab\u00a0Mes voisins\u00a0\u00bb.<\/p>\n<p>&nbsp;<\/p>\n<p align=\"JUSTIFY\"><a href=\"https:\/\/archives.rencontrestsiganes.org\/wp-content\/uploads\/IMG_1300.jpg\"><img loading=\"lazy\" decoding=\"async\" class=\"alignnone size-medium wp-image-11972\" src=\"https:\/\/archives.rencontrestsiganes.org\/wp-content\/uploads\/IMG_1300-300x225.jpg\" alt=\"IMG_1300\" width=\"300\" height=\"225\" \/><\/a><\/p>\n","protected":false},"excerpt":{"rendered":"<p>Un squat, un bidonville, un camp, un campement illicite, c&rsquo;est avant tout un lieu de vie. La caserne Busserade, rue Mass\u00e9na \u00e0 Marseille, l&rsquo;a \u00e9t\u00e9 pendant 10 mois. Deux \u00e9normes et imposantes b\u00e2tisses, inoccup\u00e9es depuis des ann\u00e9es, ont abrit\u00e9, d\u00e8s le mois de septembre 2014, des dizaines de familles. Les unes venaient d&rsquo;\u00eatre expuls\u00e9es de [&hellip;]<\/p>\n","protected":false},"author":1,"featured_media":11971,"comment_status":"open","ping_status":"open","sticky":false,"template":"","format":"standard","meta":{"footnotes":""},"categories":[14,18,20],"tags":[],"class_list":["post-11969","post","type-post","status-publish","format-standard","has-post-thumbnail","hentry","category-habitat-subi","category-migrants-roms","category-non-classe"],"_links":{"self":[{"href":"https:\/\/archives.rencontrestsiganes.org\/index.php\/wp-json\/wp\/v2\/posts\/11969","targetHints":{"allow":["GET"]}}],"collection":[{"href":"https:\/\/archives.rencontrestsiganes.org\/index.php\/wp-json\/wp\/v2\/posts"}],"about":[{"href":"https:\/\/archives.rencontrestsiganes.org\/index.php\/wp-json\/wp\/v2\/types\/post"}],"author":[{"embeddable":true,"href":"https:\/\/archives.rencontrestsiganes.org\/index.php\/wp-json\/wp\/v2\/users\/1"}],"replies":[{"embeddable":true,"href":"https:\/\/archives.rencontrestsiganes.org\/index.php\/wp-json\/wp\/v2\/comments?post=11969"}],"version-history":[{"count":0,"href":"https:\/\/archives.rencontrestsiganes.org\/index.php\/wp-json\/wp\/v2\/posts\/11969\/revisions"}],"wp:featuredmedia":[{"embeddable":true,"href":"https:\/\/archives.rencontrestsiganes.org\/index.php\/wp-json\/"}],"wp:attachment":[{"href":"https:\/\/archives.rencontrestsiganes.org\/index.php\/wp-json\/wp\/v2\/media?parent=11969"}],"wp:term":[{"taxonomy":"category","embeddable":true,"href":"https:\/\/archives.rencontrestsiganes.org\/index.php\/wp-json\/wp\/v2\/categories?post=11969"},{"taxonomy":"post_tag","embeddable":true,"href":"https:\/\/archives.rencontrestsiganes.org\/index.php\/wp-json\/wp\/v2\/tags?post=11969"}],"curies":[{"name":"wp","href":"https:\/\/api.w.org\/{rel}","templated":true}]}}