{"id":1189,"date":"2013-10-20T17:42:17","date_gmt":"2013-10-20T16:42:17","guid":{"rendered":"http:\/\/rt.boullier.fr\/?p=1189"},"modified":"2013-10-20T17:42:17","modified_gmt":"2013-10-20T16:42:17","slug":"art1189","status":"publish","type":"post","link":"https:\/\/archives.rencontrestsiganes.org\/index.php\/2013\/10\/20\/art1189\/","title":{"rendered":"Leonarda, Louizana et les autres&#8230;."},"content":{"rendered":"<h3 class=\"spip\">Leonarda, Louizana et les autres&#8230; retour sur une histoire r\u00e9cente&#8230;<\/h3>\n<p><a href=\"https:\/\/archives.rencontrestsiganes.org\/wp-content\/uploads\/2013\/10\/71A.jpg\"><img loading=\"lazy\" decoding=\"async\" class=\"size-medium wp-image-11053 aligncenter\" src=\"https:\/\/archives.rencontrestsiganes.org\/wp-content\/uploads\/71A-300x200.jpg\" alt=\"jpg\/71A.jpg\" width=\"300\" height=\"200\" \/><\/a><\/p>\n<div style=\"text-align: justify;\">\u00a0On est en droit de s&rsquo;inqui\u00e9ter de l&rsquo;\u00e9tat d&rsquo;une soci\u00e9t\u00e9 qui focalise une telle attention souvent douteuse sur quelques centaines de familles rejet\u00e9es de leur pays par la mis\u00e8re et la x\u00e9nophobie. Au d\u00e9luge m\u00e9diatique s&rsquo;ajoutent les propos provocateurs des certains politiciens et l&rsquo;offre d\u00e9risoire du Pr\u00e9sident de la R\u00e9publique proposant \u00e0 cette jeune fille un retour en France sans sa famille.<\/div>\n<p style=\"text-align: justify;\">Le Ministre de l&rsquo;Int\u00e9rieur revendique la stricte application de la loi et c&rsquo;est bien ce qui nous choque. Malgr\u00e9 les promesses de la derni\u00e8re campagne \u00e9lectorale, la l\u00e9gislation mise en place par les pr\u00e9c\u00e9dents gouvernements n&rsquo;ont pas \u00e9t\u00e9 modifi\u00e9es et il semble que les perspectives d&rsquo;une l\u00e9gislation moins r\u00e9pressive s&rsquo;\u00e9loignent de jour en jour. Le cas &lsquo;L\u00e9onarda&rsquo; et de sa famille est d&rsquo;une triste banalit\u00e9 pour tous ceux qui suivent au quotidien la gal\u00e8re des &lsquo;sans papiers&rsquo;. Au demeurant, il est n\u00e9cessaire de rappeler l&rsquo;histoire r\u00e9cente du Kosovo pour mettre en cause le caract\u00e8re particuli\u00e8rement inadmissible de cette expulsion.<\/p>\n<p style=\"text-align: justify;\">Prise entre deux feux et pourchass\u00e9e par les Serbes comme par les Albanais, la communaut\u00e9 Rom a fui le Kosovo durant la guerre fratricide avec la Serbie en 1999. Parmi les milliers de &lsquo;boat-people&rsquo; qui ont tent\u00e9, au p\u00e9ril de leur vie, de traverser l&rsquo;Adriatique et ont trouv\u00e9 refuge sur les c\u00f4tes italiennes, la communaut\u00e9 Roms \u00e9tait fortement repr\u00e9sent\u00e9e. Ces familles rapidement rejet\u00e9e par l&rsquo;Italie ont amorc\u00e9 alors une errance entre l&rsquo;Espagne, l&rsquo;Allemagne et la France sans espoir de retour au pays o\u00f9 tous leurs maigres biens ont \u00e9t\u00e9 d\u00e9truits ou confisqu\u00e9s. Les reportages sur la situation de ces familles \u00e0 Mitrovica sont sans appel. On lira \u00e9galement pour \u00eatre correctement inform\u00e9, le t\u00e9moignage paru dans le Courrier des Balkans et traduit par la &lsquo;voix des Roms&rsquo;. Il nous fait comprendre pourquoi les roms ont quitt\u00e9 le KOSOVO.<\/p>\n<p style=\"text-align: justify;\">Dans notre R\u00e9gion, voil\u00e0 10 ans que l&rsquo;association Rencontres Tsiganes est confront\u00e9e \u00e0 des situations comparables \u00e0 celle qui, aujourd&rsquo;hui, alarme l&rsquo;opinion publique.\u00a0Citons deux exemples parmi bien d&rsquo;autres\u00a0:<\/p>\n<p style=\"text-align: justify;\">En 2002 la famille M.\u00a0avec six enfants dort dans la rue \u00e0 Marseille. Elle a fui la guerre en Yougoslavie et apr\u00e8s l&rsquo;Italie et l&rsquo;Allemagne elle arrive \u00e0 Marseille \u00e0 la recherche de sa fille a\u00een\u00e9e disparue et qu&rsquo;elle\u00a0retrouvera \u00e0 la morgue de l&rsquo;h\u00f4pital.<\/p>\n<p><a href=\"https:\/\/archives.rencontrestsiganes.org\/wp-content\/uploads\/2013\/10\/dipome-Luizianajpg.jpg\"><img loading=\"lazy\" decoding=\"async\" class=\"size-medium wp-image-11054 aligncenter\" src=\"https:\/\/archives.rencontrestsiganes.org\/wp-content\/uploads\/dipome-Luizianajpg-300x218.jpg\" alt=\"jpg\/dipome-Luizianajpg.jpg\" width=\"300\" height=\"218\" \/><\/a><\/p>\n<div style=\"text-align: justify;\">\u00a0En 2003 \u00e0 Aix-en-Provence, sur le plateau du R\u00e9altor, Maria originaire de Bosnie arrive d&rsquo;Italie avec ses 7 enfants trouve refuge sur un terrain vague pr\u00e8s de la gare TGV.\u00a0Faisant front en face de la Maire d&rsquo;Aix, une \u00e9quipe de b\u00e9n\u00e9voles se mobilisent pour venir en aide \u00e0 cette famille et quelques autres. La scolarisation des enfants est une priorit\u00e9 et bient\u00f4t la plupart sont inscrits dans les \u00e9coles de Vitrolles o\u00f9 les enseignants les accueillent avec une grande comp\u00e9tence. Le dipl\u00f4me de langue fran\u00e7aise sign\u00e9 du Recteur est, pour Louizana comme pour nous tous une\u00a0magnifique r\u00e9compense. C&rsquo;\u00e9tait en 2008. Depuis la famille encore une fois chass\u00e9e d&rsquo;Aix-en-Provence en 2011 tente de retrouver \u00e0 Vitrolles un peu de s\u00e9curit\u00e9.<\/div>\n<p style=\"text-align: justify;\">Alors, sans une remise en cause de la l\u00e9gislation actuelle et sans un courage politique qui aujourd&rsquo;hui fait cruellement d\u00e9faut, il y aura d&rsquo;autres L\u00e9onarda et d&rsquo;autres Louizana sans doute moins m\u00e9diatis\u00e9es.<\/p>\n","protected":false},"excerpt":{"rendered":"<p>Par del\u00e0 les d\u00e9bordements  m\u00e9diatiques,  retour sur les cons\u00e9quences d&rsquo;une guerre vite oubli\u00e9e. <\/p>\n","protected":false},"author":1,"featured_media":0,"comment_status":"closed","ping_status":"closed","sticky":false,"template":"","format":"standard","meta":{"footnotes":""},"categories":[18,25],"tags":[],"class_list":["post-1189","post","type-post","status-publish","format-standard","hentry","category-migrants-roms","category-sur-le-terrain"],"_links":{"self":[{"href":"https:\/\/archives.rencontrestsiganes.org\/index.php\/wp-json\/wp\/v2\/posts\/1189","targetHints":{"allow":["GET"]}}],"collection":[{"href":"https:\/\/archives.rencontrestsiganes.org\/index.php\/wp-json\/wp\/v2\/posts"}],"about":[{"href":"https:\/\/archives.rencontrestsiganes.org\/index.php\/wp-json\/wp\/v2\/types\/post"}],"author":[{"embeddable":true,"href":"https:\/\/archives.rencontrestsiganes.org\/index.php\/wp-json\/wp\/v2\/users\/1"}],"replies":[{"embeddable":true,"href":"https:\/\/archives.rencontrestsiganes.org\/index.php\/wp-json\/wp\/v2\/comments?post=1189"}],"version-history":[{"count":0,"href":"https:\/\/archives.rencontrestsiganes.org\/index.php\/wp-json\/wp\/v2\/posts\/1189\/revisions"}],"wp:attachment":[{"href":"https:\/\/archives.rencontrestsiganes.org\/index.php\/wp-json\/wp\/v2\/media?parent=1189"}],"wp:term":[{"taxonomy":"category","embeddable":true,"href":"https:\/\/archives.rencontrestsiganes.org\/index.php\/wp-json\/wp\/v2\/categories?post=1189"},{"taxonomy":"post_tag","embeddable":true,"href":"https:\/\/archives.rencontrestsiganes.org\/index.php\/wp-json\/wp\/v2\/tags?post=1189"}],"curies":[{"name":"wp","href":"https:\/\/api.w.org\/{rel}","templated":true}]}}