{"id":1188,"date":"2013-09-29T18:56:52","date_gmt":"2013-09-29T17:56:52","guid":{"rendered":"http:\/\/rt.boullier.fr\/?p=1188"},"modified":"2013-09-29T18:56:52","modified_gmt":"2013-09-29T17:56:52","slug":"art1188","status":"publish","type":"post","link":"https:\/\/archives.rencontrestsiganes.org\/index.php\/2013\/09\/29\/art1188\/","title":{"rendered":"URGENT : p\u00e9tition \u00e0 signer et faire circuler"},"content":{"rendered":"<p style=\"text-align: center;\"><span style=\"font-size:18px;\"><strong>Roms&nbsp;: la commune humanit\u00e9 bafou\u00e9e<\/strong><\/span><\/p>\n<p><em>Signer la p\u00e9tition <\/em><\/p>\n<p style=\"text-align: center;\">info@labandepassante.org<\/p>\n<p style=\"text-align: justify;\">Le nouveau gouvernement a choisi la continuit\u00e9 avec l&rsquo;ancien&nbsp;: la politique d&rsquo;expulsion des camps de \u00ab&nbsp;Roms&nbsp;\u00bb \u00e9trangers continue de plus belle. Aux m\u00eames motifs. Avec \u00e0 peu pr\u00e8s les m\u00eames mots, les m\u00eames images. Avec les m\u00eames pr\u00e9suppos\u00e9s et les m\u00eames cons\u00e9quences. \u00c0 commencer par l&rsquo;ethnicisation de familles issues de lieux et d&rsquo;histoires multiples, qui ne se reconnaissent pas n\u00e9cessairement de destin commun, sauf celui auquel on les assigne&nbsp;: le cercle vicieux de la mis\u00e8re et de l&rsquo;exclusion.<br \/> Cela, nous ne voulons, nous ne pouvons pas l&rsquo;accepter. Il y a deux ans, il importait d\u00e9j\u00e0 de se dresser en opposition \u00e0 la politique de stigmatisation et de pers\u00e9cution men\u00e9e sous la houlette de Nicolas Sarkozy, dans l&rsquo;esprit du discours de Grenoble, contre les Roms et les gens du voyage. C&rsquo;est avec la m\u00eame d\u00e9termination que nous nous \u00e9levons aujourd&rsquo;hui contre la politique men\u00e9e aux d\u00e9pens des Roms sous la responsabilit\u00e9 du pr\u00e9sident de la R\u00e9publique et de son premier ministre par leur ministre de l&rsquo;Int\u00e9rieur.<br \/> Manuel Valls renoue en effet avec une rh\u00e9torique qui avait men\u00e9 un de ses pr\u00e9d\u00e9cesseurs \u00e0 la pr\u00e9sidence de la R\u00e9publique, et la R\u00e9publique au bord de l&rsquo;ab\u00eeme. Or combien sont-ils, ceux qu&rsquo;on veut expulser&nbsp;? 12 000&nbsp;? 15 000 tout au plus&nbsp;? Sont-ils \u00e0 ce point une menace pour l&rsquo;ordre public qu&rsquo;il faille impitoyablement les d\u00e9loger sans solution de rechange&nbsp;?<br \/> Si les nouveaux responsables invoquent autant la s\u00e9curit\u00e9 que les anciens, ils revendiquent (\u00e0 l&rsquo;instar de Fran\u00e7ois Hollande pendant la campagne) un juste milieu entre \u00ab&nbsp;fermet\u00e9&nbsp;\u00bb et \u00ab&nbsp;humanit\u00e9&nbsp;\u00bb. Mais qui peut croire que c&rsquo;est pour leur bien qu&rsquo;on d\u00e9truit le lieu de vie de ces migrants&nbsp;? En tout cas, pas les premiers int\u00e9ress\u00e9s. Car ils l&rsquo;ont vite compris&nbsp;: si l&rsquo;on se souciait tant de leur bien \u00eatre, on ne les abandonnerait pas ensuite \u00e0 leur sort, en oubliant de les reloger. Ils ne font qu&rsquo;aller un peu plus loin. S&rsquo;ils parviennent \u00e0 se cacher, c&rsquo;est au risque d&rsquo;\u00eatre encore plus abandonn\u00e9s \u00e0 eux-m\u00eames et priv\u00e9s des droits sociaux les plus \u00e9l\u00e9mentaires. D\u00e9placer ainsi les gens, c&rsquo;est bien s\u00fbr redoubler leur pr\u00e9carit\u00e9, et faire obstacle \u00e0 la scolarisation de leurs enfants.<br \/> Certes, Jean-Marc Ayrault pr\u00e9conise la concertation. Mais sur le terrain (faut-il s&rsquo;en \u00e9tonner&nbsp;?), ces engagements ne sont pas respect\u00e9s. Des centaines de familles se retrouvent dans des situations inextricables. \u00c0 Lyon comme \u00e0 Lille ou \u00e0 Marseille ou en r\u00e9gion parisienne, le travail des associations de b\u00e9n\u00e9voles a \u00e9t\u00e9 ruin\u00e9 en quelques heures. En Essonne, plusieurs expulsions de bidonvilles ont eu lieu sur arr\u00eat\u00e9s municipaux, sans solution de relogement r\u00e9el. Dans de nombreux d\u00e9partements, trop de communes tentent de ne pas scolariser les enfants Roms.<br \/>La majorit\u00e9 gouvernementale croit-elle donc qu&rsquo;en agitant les peurs s\u00e9curitaires, elle \u00e9chappera au reproche de \u00ab&nbsp;laxisme&nbsp;\u00bb&nbsp;? C&rsquo;est tout le contraire&nbsp;: dans ce domaine, elle n&rsquo;ira jamais assez loin. La droite, en attendant peut-\u00eatre l&rsquo;extr\u00eame-droite, fera toujours mieux, c&rsquo;est-\u00e0-dire pire. La gauche gouvernementale le paiera donc cher, y compris dans les urnes. En tout cas, les sondages sugg\u00e8rent d\u00e9j\u00e0 qu&rsquo;elle n&rsquo;y gagne rien &#8211; pas plus qu&rsquo;hier la droite au pouvoir. Seul le Front national pourra r\u00e9colter les fruits de cette politique.<br \/> En outre, les concessions au populisme identitaire et s\u00e9curitaire ne feront pas avancer le pays dans sa mobilisation citoyenne face \u00e0 la dictature des march\u00e9s et aux destructions d&#8217;emploi, bien au contraire. S&rsquo;en prendre aux Roms ne suffira donc nullement \u00e0 gagner les suffrages populaires. Cela ne peut que diviser, affaiblir l\u00e0 o\u00f9 il faut rassembler, agir. Singer la droite&nbsp;? C&rsquo;est d\u00e9cid\u00e9ment un mauvais calcul.<br \/>Il ne suffira pas davantage de renvoyer cette r\u00e9alit\u00e9 migratoire \u00e0 son origine &#8211; en l&rsquo;occurrence la Roumanie, ainsi que la Bulgarie. Comme dans de nombreux pays de l&rsquo;Europe de l&rsquo;Est, la violence ordinaire vis-\u00e0-vis des \u00ab&nbsp;Tsiganes&nbsp;\u00bb se poursuit et risque de s&rsquo;intensifier \u00e0 mesure que la situation \u00e9conomique se d\u00e9grade. En m\u00eame temps, la l\u00e9gitimation par l&rsquo;\u00c9tat fran\u00e7ais de leur caract\u00e8re ind\u00e9sirable ne peut que renforcer ce racisme.<br \/> Surtout, plut\u00f4t que de faire peser cette migration sur les gouvernements nationaux d&rsquo;origine, comme l&rsquo;a fait le ministre de l&rsquo;Int\u00e9rieur, il faut faire valoir une responsabilit\u00e9 de l&rsquo;Union au lieu de mettre en p\u00e9ril l&rsquo;id\u00e9al europ\u00e9en en la r\u00e9duisant aux politiques n\u00e9olib\u00e9rales sans m\u00eame la caution des droits de l&rsquo;homme. Bref, il faut que Viviane Reding, commissaire europ\u00e9enne aux Droits fondamentaux, parle haut et fort comme en 2010, et non qu&rsquo;elle soit r\u00e9duite au silence face \u00e0 l&rsquo;\u00c9tat fran\u00e7ais.<br \/> Nous ne ressentons pas moins d&rsquo;indignation qu&rsquo;alors&nbsp;; en revanche, notre col\u00e8re est plus grande. Pourquoi changer de Pr\u00e9sident, sinon pour changer de politique&nbsp;? Or plus \u00e7a change, plus c&rsquo;est la m\u00eame chose&nbsp;: les Roms sont encore et toujours pris pour boucs \u00e9missaires. Au lieu de jouer \u00e0 son tour sur les peurs et les ressentiments, ce gouvernement aurait pu faire le pari des valeurs d\u00e9mocratiques&nbsp;: la libert\u00e9 et l&rsquo;\u00e9galit\u00e9, pour les Roms aussi. Nous en sommes loin. Apr\u00e8s l&rsquo;\u00e9viction de la droite \u00e9hont\u00e9e, on assiste \u00e0 l&rsquo;av\u00e8nement d&rsquo;une gauche honteuse.<\/p>\n<p style=\"text-align: justify;\">Aujourd&rsquo;hui, nous voulons donc interpeller la majorit\u00e9 gouvernementale&nbsp;:<\/p>\n<p style=\"text-align: justify;\">Rien ne vous oblige \u00e0 ce choix. Il est contraire aux principes que vous revendiquez&nbsp;; pour autant, il n&rsquo;est pas davantage dans vos int\u00e9r\u00eats. Votre responsabilit\u00e9 n&rsquo;en est que plus grande. Nous vous tenons donc comptables aujourd&rsquo;hui, comme l&rsquo;histoire vous tiendra comptables demain, de cette banalisation de la x\u00e9nophobie et du racisme par l&rsquo;\u00c9tat fran\u00e7ais, au m\u00e9pris des le\u00e7ons du pass\u00e9 et des menaces qui p\u00e8sent sur l&rsquo;avenir.<\/p>\n<p style=\"text-align: center;\">Signer la p\u00e9tition Voir les signataires&nbsp;info@labandepassante.org<\/p>\n<p style=\"text-align: center;\">N&rsquo;h\u00e9sitez pas \u00e0 diffuser largement cet appel.<\/p>\n","protected":false},"excerpt":{"rendered":"<p> Face aux propos  intol\u00e9rables  et \u00e0 la politique irresponsable de ceux qui nous gouvernent, cette p\u00e9tition en ligne \u00e0 signer et diffuser  est  un moyen de r\u00e9sistance indispensable. <\/p>\n","protected":false},"author":1,"featured_media":0,"comment_status":"closed","ping_status":"closed","sticky":false,"template":"","format":"standard","meta":{"footnotes":""},"categories":[8],"tags":[],"class_list":["post-1188","post","type-post","status-publish","format-standard","hentry","category-discriminations-racisme"],"_links":{"self":[{"href":"https:\/\/archives.rencontrestsiganes.org\/index.php\/wp-json\/wp\/v2\/posts\/1188","targetHints":{"allow":["GET"]}}],"collection":[{"href":"https:\/\/archives.rencontrestsiganes.org\/index.php\/wp-json\/wp\/v2\/posts"}],"about":[{"href":"https:\/\/archives.rencontrestsiganes.org\/index.php\/wp-json\/wp\/v2\/types\/post"}],"author":[{"embeddable":true,"href":"https:\/\/archives.rencontrestsiganes.org\/index.php\/wp-json\/wp\/v2\/users\/1"}],"replies":[{"embeddable":true,"href":"https:\/\/archives.rencontrestsiganes.org\/index.php\/wp-json\/wp\/v2\/comments?post=1188"}],"version-history":[{"count":0,"href":"https:\/\/archives.rencontrestsiganes.org\/index.php\/wp-json\/wp\/v2\/posts\/1188\/revisions"}],"wp:attachment":[{"href":"https:\/\/archives.rencontrestsiganes.org\/index.php\/wp-json\/wp\/v2\/media?parent=1188"}],"wp:term":[{"taxonomy":"category","embeddable":true,"href":"https:\/\/archives.rencontrestsiganes.org\/index.php\/wp-json\/wp\/v2\/categories?post=1188"},{"taxonomy":"post_tag","embeddable":true,"href":"https:\/\/archives.rencontrestsiganes.org\/index.php\/wp-json\/wp\/v2\/tags?post=1188"}],"curies":[{"name":"wp","href":"https:\/\/api.w.org\/{rel}","templated":true}]}}