{"id":1185,"date":"2013-09-17T11:41:31","date_gmt":"2013-09-17T10:41:31","guid":{"rendered":"http:\/\/rt.boullier.fr\/?p=1185"},"modified":"2013-09-17T11:41:31","modified_gmt":"2013-09-17T10:41:31","slug":"art1185","status":"publish","type":"post","link":"https:\/\/archives.rencontrestsiganes.org\/index.php\/2013\/09\/17\/art1185\/","title":{"rendered":"Festival du cin\u00e9ma de Douarnenez 2013"},"content":{"rendered":"<p class=\"spip\">La 36\u00e8me \u00e9dition de ce festival militant, d\u00e9di\u00e9 aux minorit\u00e9s, \u00e9tait consacr\u00e9 cette ann\u00e9e aux \u00ab\u00a0Rroms, Tsiganes et Voyageurs\u00a0\u00bb.<\/p>\n<p style=\"text-align: justify;\">En Bretagne tout se dit en fran\u00e7ais mais aussi en breton, il s&rsquo;agissait donc du Gouel ar filmo\u00f9 \u00ab\u00a0Rromed, Termajied ha Beajourien\u00a0\u00bb\u00a0! Termajied en breton cela signifie lanterne magique. C&rsquo;est le nom que donn\u00e8rent les bretons, au d\u00e9but du XX\u00b0 si\u00e8cle, \u00e0 ces forains itin\u00e9rants qui leur firent d\u00e9couvrir le cin\u00e9ma. C&rsquo;est ainsi que depuis ils d\u00e9signent les Tsiganes\u00a0!<br \/>\nIl faut f\u00e9liciter les organisateurs de ce festival pour la qualit\u00e9 du programme propos\u00e9, l&rsquo;organisation remarquable, l&rsquo;accueil chaleureux qu&rsquo;ils nous ont r\u00e9serv\u00e9 et l&rsquo;extr\u00eame convivialit\u00e9 de cette manifestation<br \/>\nDe tr\u00e8s nombreux films, fictions ou documentaires, ont \u00e9t\u00e9 propos\u00e9s. Le choix a souvent \u00e9t\u00e9 difficile mais j&rsquo;ai pu assister \u00e0 une trentaine de projections.<br \/>\n<a class=\"spip_url spip_out\" href=\"http:\/\/www.festival-douarnenez.com\/fr\/prog_2013\/rroms_tsiganes_voyageurs\" rel=\"nofollow external\">http:\/\/www.festival-douarnenez.com\/&#8230;<\/a><br \/>\nDe tr\u00e8s nombreux d\u00e9bats, o\u00f9 ont \u00e9t\u00e9 abord\u00e9s diff\u00e9rents th\u00e8mes, ont accueilli chaque jour \u00e9norm\u00e9ment de monde, matin et soir dans des \u00e9changes riches et sereins.<br \/>\n<a class=\"spip_url spip_out\" href=\"http:\/\/www.festival-douarnenez.com\/fr\/prog_2013\/rencontres_debats\" rel=\"nofollow external\">http:\/\/www.festival-douarnenez.com\/&#8230;<\/a><br \/>\nDes expositions\u00a0:<br \/>\n<a class=\"spip_url spip_out\" href=\"http:\/\/www.festival-douarnenez.com\/fr\/prog_2013\/expositions\" rel=\"nofollow external\">http:\/\/www.festival-douarnenez.com\/&#8230;<\/a><br \/>\nDe la musique aussi bien s\u00fbr. Le Taraf de Ha\u00efdouks, en tourn\u00e9e dans la r\u00e9gion, est venu gracieusement nous proposer un merveilleux concert.<br \/>\n<a class=\"spip_url spip_out\" href=\"http:\/\/www.festival-douarnenez.com\/fr\/prog_2013\/musique\" rel=\"nofollow external\">http:\/\/www.festival-douarnenez.com\/&#8230;<\/a><\/p>\n<p style=\"text-align: justify;\">Au cours de cette semaine ont \u00e9t\u00e9 pr\u00e9sents des Roms de divers pays d&rsquo;Europe, des voyageurs repr\u00e9sentant de multiples associations, des chercheurs, des historiens, des militants etc&#8230; Tout ce monde s&rsquo;est retrouv\u00e9 quotidiennement pour \u00e9changer, au cours des d\u00e9bats, autour d&rsquo;un verre pr\u00e8s du chapiteau du festival.<br \/>\nMais pas un seul journaliste de la presse nationale&#8230; C&rsquo;\u00e9tait une occasion unique de recueillir des t\u00e9moignages, de s&rsquo;informer, de mieux comprendre. De la mati\u00e8re pour un bel article de fond. Manque de moyens des r\u00e9dactions\u00a0? Pas s\u00fbr, puisqu&rsquo;elles ont pu au cours de la m\u00eame semaine envoyer de nombreuses \u00e9quipes \u00ab\u00a0enqu\u00eater\u00a0\u00bb sur un fait divers bien plus porteur m\u00e9diatiquement\u00a0: un \u00ab\u00a0trafic\u00a0\u00bb de b\u00e9b\u00e9s entre une famille rom roumaine et une famille de voyageurs \u00e0 Marseille&#8230;<br \/>\nA Douarnenez, nous \u00e9tions loin des clich\u00e9s et des pr\u00e9jug\u00e9s dans un esprit de Latcho Divano qui, ne l&rsquo;oublions pas signifie \u00ab\u00a0le bel \u00e9change\u00a0\u00bb en langue romani.<\/p>\n","protected":false},"excerpt":{"rendered":"<p>La 36\u00e8me \u00e9dition de ce festival militant, d\u00e9di\u00e9 aux minorit\u00e9s, \u00e9tait consacr\u00e9 cette ann\u00e9e aux \u00ab Rroms, Tsiganes et voyageurs \u00bb. Caroline Godard a repr\u00e9sent\u00e9 RT et nous fait part de ses impressions. <\/p>\n","protected":false},"author":1,"featured_media":0,"comment_status":"closed","ping_status":"closed","sticky":false,"template":"","format":"standard","meta":{"footnotes":""},"categories":[10],"tags":[],"class_list":["post-1185","post","type-post","status-publish","format-standard","hentry","category-festivals-et-manifestations"],"_links":{"self":[{"href":"https:\/\/archives.rencontrestsiganes.org\/index.php\/wp-json\/wp\/v2\/posts\/1185","targetHints":{"allow":["GET"]}}],"collection":[{"href":"https:\/\/archives.rencontrestsiganes.org\/index.php\/wp-json\/wp\/v2\/posts"}],"about":[{"href":"https:\/\/archives.rencontrestsiganes.org\/index.php\/wp-json\/wp\/v2\/types\/post"}],"author":[{"embeddable":true,"href":"https:\/\/archives.rencontrestsiganes.org\/index.php\/wp-json\/wp\/v2\/users\/1"}],"replies":[{"embeddable":true,"href":"https:\/\/archives.rencontrestsiganes.org\/index.php\/wp-json\/wp\/v2\/comments?post=1185"}],"version-history":[{"count":0,"href":"https:\/\/archives.rencontrestsiganes.org\/index.php\/wp-json\/wp\/v2\/posts\/1185\/revisions"}],"wp:attachment":[{"href":"https:\/\/archives.rencontrestsiganes.org\/index.php\/wp-json\/wp\/v2\/media?parent=1185"}],"wp:term":[{"taxonomy":"category","embeddable":true,"href":"https:\/\/archives.rencontrestsiganes.org\/index.php\/wp-json\/wp\/v2\/categories?post=1185"},{"taxonomy":"post_tag","embeddable":true,"href":"https:\/\/archives.rencontrestsiganes.org\/index.php\/wp-json\/wp\/v2\/tags?post=1185"}],"curies":[{"name":"wp","href":"https:\/\/api.w.org\/{rel}","templated":true}]}}