{"id":1175,"date":"2013-08-19T12:08:28","date_gmt":"2013-08-19T11:08:28","guid":{"rendered":"http:\/\/rt.boullier.fr\/?p=1175"},"modified":"2013-08-19T12:08:28","modified_gmt":"2013-08-19T11:08:28","slug":"art1175","status":"publish","type":"post","link":"https:\/\/archives.rencontrestsiganes.org\/index.php\/2013\/08\/19\/art1175\/","title":{"rendered":"Pourquoi les Roms quittent-ils la Roumanie ?"},"content":{"rendered":"<p style=\"text-align: justify;\"><\/p>\n<p style=\"text-align: center;\"><strong><span style=\"font-size:16px;\">Pourquoi les <\/span>Roms quittent-ils la Roumanie&nbsp;? <\/strong><\/p>\n<p style=\"text-align: justify;\">Manon Duret <\/p>\n<p>18\/06\/2013<\/p>\n<p style=\"text-align: justify;\">Ils sont nombreux \u00e0 quitter la Roumanie et la Bulgarie pour venir tenter leur chance en France. Le Journal International a interview\u00e9 des Roms de Lyon, originaires de Roumanie, sur les raisons de leur d\u00e9part.<\/p>\n<p style=\"text-align: justify;\">Des Roms expuls\u00e9s manifestent \/ Cr\u00e9dits&nbsp;: AFP \/ Miguel Medina <br \/>On parle beaucoup (trop&nbsp;?) de ces migrants de l&rsquo;est de l&rsquo;Europe qui viennent en France, et en particulier des Roms. L&rsquo;incompr\u00e9hension domine quant \u00e0 leurs motivations. Pourquoi quittent-ils leurs pays alors que les conditions de vie en France de la plupart d&rsquo;entre eux sont loin d&rsquo;\u00eatre r\u00e9jouissantes&nbsp;? Et pourquoi de nouveaux arrivants continuent d&rsquo;affluer malgr\u00e9 les lois discriminatoires et les expulsions m\u00e9diatis\u00e9es&nbsp;? Ces questions peuvent \u00eatre pos\u00e9es \u00e0 de nombreux migrants sur tous les continents. A ceux qui s&rsquo;arrachent \u00e0 leur terre dans l&rsquo;espoir d&rsquo;une vie meilleure et se heurtent \u00e0 une vie difficile, dans des pays rarement ravis de les accueillir. A ceux qui continuent \u00e0 venir malgr\u00e9 tout. On conna\u00eet l&rsquo;histoire de ces immigr\u00e9s maghr\u00e9bins qui rentrent au bled pour les vacances et n&rsquo;arrivent pas \u00e0 convaincre leurs voisins, candidats \u00e0 l&rsquo;immigration, des difficult\u00e9s qu&rsquo;ils rencontrent ici en France. Il y a un foss\u00e9 entre la France r\u00eav\u00e9e et la r\u00e9alit\u00e9.<\/p>\n<p style=\"text-align: justify;\">Nous avons demand\u00e9 \u00e0 Maria (tous les pr\u00e9noms ont \u00e9t\u00e9 modifi\u00e9s), une Rom originaire d&rsquo;un petit village de Roumanie, \u00e0 la fronti\u00e8re hongroise, ce qui l&rsquo;avait pouss\u00e9 \u00e0 venir en France plut\u00f4t que dans un autre pays d&rsquo;Europe. Embarrass\u00e9e, elle nous dit qu&rsquo;elle ne sait pas bien. Pour elle, personne ne sait vraiment pourquoi, mais \u00ab&nbsp;tout le monde parle de la France&nbsp;\u00bb. Comme un leitmotiv dont personne ne connaitrait l&rsquo;origine. Quelques ann\u00e9es auparavant, les migrants seraient sans doute partis pour la RDA, mais la situation a chang\u00e9. Elle a vu beaucoup de Roms partir pour la France, jamais pour l&rsquo;Allemagne ou l&rsquo;Italie. Parce qu&rsquo;on dit qu&rsquo;en France, \u00ab&nbsp;il y a des droits&nbsp;\u00bb. Peut-\u00eatre aussi parce qu&rsquo;ils ont tous appris un peu de fran\u00e7ais \u00e0 l&rsquo;\u00e9cole, m\u00eame si ce n&rsquo;est pas suffisant pour se d\u00e9brouiller. Dans son village d&rsquo;origine, il n&rsquo;y a presque plus de Roms, \u00ab&nbsp;ils sont tous partis maintenant, en France ou dans d&rsquo;autres r\u00e9gions de Roumanie&nbsp;\u00bb. Ces d\u00e9parts massifs sonnent comme la cons\u00e9quence d&rsquo;une situation d\u00e9plorable et alarmante des Roms dans certaines r\u00e9gions de Roumanie.<\/p>\n<p style=\"text-align: justify;\">Si le choix de la France n&rsquo;a pas \u00e9t\u00e9 v\u00e9ritablement d\u00e9lib\u00e9r\u00e9, la d\u00e9cision de l&rsquo;\u00e9migration est en revanche motiv\u00e9e par de nombreux facteurs. \u00ab&nbsp;En Roumanie, il n&rsquo;y a pas de travail, pas d&rsquo;\u00e9cole pour les enfants, pas de droits sociaux&nbsp;\u00bb r\u00e9sume Georges, un Rom install\u00e9 en France depuis 2010. La destination importait finalement moins que le d\u00e9part pour eux. Il fallait partir, sortir de l&rsquo;orni\u00e8re, \u00ab&nbsp;pour que les enfants aient une autre vie&nbsp;\u00bb.<\/p>\n<p style=\"text-align: justify;\"><strong>La scolarisation&nbsp;: un moteur de l&rsquo;\u00e9migration<\/strong><\/p>\n<p style=\"text-align: justify;\"><\/p>\n<p style=\"text-align: justify;\">L&rsquo;avenir des enfants. Ce souci pousse de nombreux parents \u00e0 choisir l&rsquo;\u00e9migration \u00e0 en croire les t\u00e9moignages. \u00ab&nbsp;Je suis venu ici parce qu&rsquo;en Roumanie c&rsquo;est la mis\u00e8re, et surtout parce qu&rsquo;ici mon fils peut aller \u00e0 l&rsquo;\u00e9cole&nbsp;\u00bb, nous dit Georges. Si l&rsquo;\u00e9cole est obligatoire de 6 \u00e0 15 ans, en Roumanie, les Roms rencontrent parfois des difficult\u00e9s \u00e0 y inscrire leurs enfants. Maria nous raconte qu&rsquo;on lui a souvent dit que la classe \u00e9tait d\u00e9j\u00e0 pleine, qu&rsquo;il n&rsquo;y avait plus de chaises libres pour ses enfants. \u00ab&nbsp;En France, les maitresses sont gentilles&nbsp;\u00bb, nous dit Georges, soulignant la discrimination que certains ont pu subir l\u00e0-bas. Selon le recensement roumain de 2002, les Roms (se reconnaissant comme tels) \u00e9taient alors six fois moins scolaris\u00e9s que la moyenne nationale. Si plusieurs facteurs rentrent en jeu dans cette faible scolarisation, et que les disparit\u00e9s sont grandes entre les r\u00e9gions et les groupes sociaux, on ne peut nier ce d\u00e9faut de scolarisation qui p\u00e8se sur les parents. Ils ne veulent pas que leurs enfants rencontrent les m\u00eames difficult\u00e9s qu&rsquo;eux \u00e0 l&rsquo;\u00e2ge adulte.<\/p>\n<p style=\"text-align: justify;\"><strong>\u00ab&nbsp;Je travaillais, mais je ne gagnais rien&nbsp;\u00bb<\/strong><\/p>\n<p style=\"text-align: justify;\">L&rsquo;absence de perspective professionnelle est l&rsquo;autre cause de d\u00e9part avanc\u00e9e par les Roms interrog\u00e9s. \u00ab&nbsp;En Roumanie, c&rsquo;est la mis\u00e8re&nbsp;\u00bb, \u00ab&nbsp;c&rsquo;est la catastrophe&nbsp;\u00bb. Au-del\u00e0 de ce constat sans appel, le probl\u00e8me n&rsquo;est pas tant l&rsquo;absence de travail, que l&rsquo;absence de revenus. Maria nous explique qu&rsquo;apr\u00e8s avoir obtenu l&rsquo;\u00e9quivalent du baccalaur\u00e9at, elle a travaill\u00e9 comme vendeuse, mais son salaire \u00e9tait insuffisant pour vivre d\u00e9cemment. Partir, c&rsquo;est pour beaucoup tenter la promotion sociale par le travail, sortir d&rsquo;une situation sans avenir. Une solution envisag\u00e9e \u00e9galement par de nombreux Roumains, non Roms. Le taux d&rsquo;\u00e9migration roumaine vers les pays d&rsquo;Europe de l&rsquo;Ouest, des plus \u00e9lev\u00e9s de l&rsquo;UE, est le m\u00eame pour les Roms et les non-Roms selon les chiffres nationaux.<\/p>\n<p style=\"text-align: justify;\"><strong>Quand corruption et discrimination vont de paire<\/strong><\/p>\n<p style=\"text-align: justify;\">Outre l&rsquo;\u00e9migration \u00e9conomique, qui n&rsquo;est pas propre aux Roms, il y a la question du rejet de cette minorit\u00e9. Les Roms souffrent de discriminations diverses, au travail, \u00e0 l&rsquo;\u00e9cole et surtout dans l&rsquo;administration, selon Maria&nbsp;: \u00ab&nbsp;Les Roms sont mal vus partout, \u00e0 la mairie par exemple, il faut toujours faire la queue plus longtemps, chez le m\u00e9decin, l&rsquo;avocat. On te parle mal, on ne te respecte pas&nbsp;\u00bb. Mais elle nuance aussit\u00f4t son propos&nbsp;: \u00ab&nbsp;en fait, quand on est pauvre, on est mal vu en Roumanie. Il faut toujours donner de l&rsquo;argent, et si tu n&rsquo;en as pas, tu n&rsquo;es pas respect\u00e9&nbsp;\u00bb. Une d\u00e9marche peut trainer en longueur si elle n&rsquo;est agr\u00e9ment\u00e9e d&rsquo;un bakchich. Maria d\u00e9nonce une discrimination \u00e9conomique au quotidien, qui emp\u00eache certaines cat\u00e9gories de Roumains, les plus pauvres et en particulier les Roms, d&rsquo;acc\u00e9der \u00e0 des services fondamentaux.<\/p>\n<p style=\"text-align: justify;\">R\u00e9partition des 619 007 Roms de Roumanie (3,25&nbsp;% de la population)<\/p>\n<p style=\"text-align: justify;\"><span style=\"font-size:18px;\"><strong>L&rsquo;avant et l&rsquo;apr\u00e8s Ceausescu<\/strong><\/span><\/p>\n<p style=\"text-align: justify;\"><\/p>\n<p style=\"text-align: justify;\">Les discriminations envers les Roms ont-elles augment\u00e9 depuis la fin du r\u00e9gime communiste, expliquant l&rsquo;\u00e9migration massive de cette population ces derni\u00e8res ann\u00e9es&nbsp;? On a pu parler de la recrudescence de la haine envers les Roms avec la chute de Ceausescu en raison des privil\u00e8ges dont ils auraient b\u00e9n\u00e9fici\u00e9 pendant la p\u00e9riode de Ceausescu. Les Roms se sont effectivement vu allouer des maisons, un salaire minimum et des aides diverses dans le cadre d&rsquo;une politique de s\u00e9dentarisation et de \u00ab&nbsp;roumanisation&nbsp;\u00bb forc\u00e9e. Cela aurait eu pour cons\u00e9quence de cristalliser les discriminations au sortir du communisme. Les Roms devenaient les boucs \u00e9missaires du nouveau r\u00e9gime.<\/p>\n<p style=\"text-align: justify;\">Dans les ann\u00e9es 1990, des pogroms anti-Roms ont secou\u00e9 la Roumanie postsovi\u00e9tique. Mais Maria, qui a pass\u00e9 son enfance et son adolescence sous le r\u00e9gime de Ceausescu, a une perception tout autre de la situation. Pour elle, rien n&rsquo;a chang\u00e9. Les Roms \u00e9taient autant discrimin\u00e9s avant qu&rsquo;apr\u00e8s la chute de Ceausescu. Simplement, les violences \u00e9taient moins perceptibles en raison de la fermeture des fronti\u00e8res. Maria se souvient du rejet quotidien. Exclus des villages, ils \u00e9taient mis \u00e0 l&rsquo;\u00e9cart, le pope refusait parfois de venir c\u00e9l\u00e9brer une messe, ou d&rsquo;enterrer les Roms dans le cimeti\u00e8re communal, \u00e0 la mani\u00e8re des suicid\u00e9s ou des condamn\u00e9s. Elle se souvient des villages br\u00fbl\u00e9s, des disparitions fr\u00e9quentes dans les familles roms, disparitions class\u00e9es sans suite par la police locale. Pour Maria, les discriminations ne sont pas r\u00e9centes, c&rsquo;est bien l&rsquo;ouverture des fronti\u00e8res qui a offert l&rsquo;opportunit\u00e9 du d\u00e9part.<\/p>\n<p style=\"text-align: justify;\">De nombreux Roms de l&rsquo;est de l&rsquo;Europe ont repris la route. Mais leurs migrations ne doivent rien au nomadisme que beaucoup leur attribuent \u00e0 tort. Contrairement aux Tziganes de France qualifi\u00e9s de \u00ab&nbsp;gens du voyage&nbsp;\u00bb depuis le XIXe si\u00e8cle, les Roms venus de l&rsquo;Est sont pour la plupart s\u00e9dentaris\u00e9s depuis des si\u00e8cles. Ce n&rsquo;est pas un mode de vie, plut\u00f4t la fuite d&rsquo;un pass\u00e9 effrayant, d&rsquo;un futur sans avenir. <\/p>\n","protected":false},"excerpt":{"rendered":"<p>Des informations et des t\u00e9moignages qui  remettent les pendules  \u00e0 l&rsquo;heure <\/p>\n","protected":false},"author":1,"featured_media":0,"comment_status":"closed","ping_status":"closed","sticky":false,"template":"","format":"standard","meta":{"footnotes":""},"categories":[18],"tags":[95],"class_list":["post-1175","post","type-post","status-publish","format-standard","hentry","category-migrants-roms","tag-roumanie"],"_links":{"self":[{"href":"https:\/\/archives.rencontrestsiganes.org\/index.php\/wp-json\/wp\/v2\/posts\/1175","targetHints":{"allow":["GET"]}}],"collection":[{"href":"https:\/\/archives.rencontrestsiganes.org\/index.php\/wp-json\/wp\/v2\/posts"}],"about":[{"href":"https:\/\/archives.rencontrestsiganes.org\/index.php\/wp-json\/wp\/v2\/types\/post"}],"author":[{"embeddable":true,"href":"https:\/\/archives.rencontrestsiganes.org\/index.php\/wp-json\/wp\/v2\/users\/1"}],"replies":[{"embeddable":true,"href":"https:\/\/archives.rencontrestsiganes.org\/index.php\/wp-json\/wp\/v2\/comments?post=1175"}],"version-history":[{"count":0,"href":"https:\/\/archives.rencontrestsiganes.org\/index.php\/wp-json\/wp\/v2\/posts\/1175\/revisions"}],"wp:attachment":[{"href":"https:\/\/archives.rencontrestsiganes.org\/index.php\/wp-json\/wp\/v2\/media?parent=1175"}],"wp:term":[{"taxonomy":"category","embeddable":true,"href":"https:\/\/archives.rencontrestsiganes.org\/index.php\/wp-json\/wp\/v2\/categories?post=1175"},{"taxonomy":"post_tag","embeddable":true,"href":"https:\/\/archives.rencontrestsiganes.org\/index.php\/wp-json\/wp\/v2\/tags?post=1175"}],"curies":[{"name":"wp","href":"https:\/\/api.w.org\/{rel}","templated":true}]}}