{"id":1164,"date":"2013-06-29T17:14:37","date_gmt":"2013-06-29T17:14:37","guid":{"rendered":"http:\/\/rt.boullier.fr\/?p=1164"},"modified":"2013-06-29T17:14:37","modified_gmt":"2013-06-29T17:14:37","slug":"art1164","status":"publish","type":"post","link":"https:\/\/archives.rencontrestsiganes.org\/index.php\/2013\/06\/29\/art1164\/","title":{"rendered":"Concerts, expositions, festivals, etc&#8230;"},"content":{"rendered":"<p>Quelques propositions :<\/p>\n<p>Apr\u00e8s le succ\u00e8s des rencontres des musiques du monde\u00a0: <strong>le Monde est chez nous<\/strong> \u00e0 Aubagne le week end du 8 juin\u00a0;<\/p>\n<p style=\"text-align: justify;\">Place au <strong>Festival\u00a0des Suds \u00e0 Arles\u00a0<\/strong>du 8 au 14 juillet\u00a0avec un th\u00e8me choisi\u00a0: Nomadisme et Delta La 1<span style=\"font-family: serif;\">8\u00e8me<\/span> \u00e9dition du festival\u00a0r\u00e9servera aux cultures Roms et Tsiganes une place de choix\u00a0avec Gor<span style=\"font-family: monospace;\">an<\/span> Bregovic\u00a0et un titre \u00e9vocateur\u00a0: <em>Champagne for gypsies <\/em><\/p>\n<p><strong>Cin\u00e9ma documentaire<\/strong><\/p>\n<p>Dans le cadre du FID, projection du film de Pilar Arcila \u00a0: \u00a0Le pendule de Costel,<\/p>\n<p>Les projections auront lieu le\u00a0:<\/p>\n<p>03-juil \/ 15h00 \/ Petite Salle de La Cri\u00e9e<br \/>\n05-juil \/ 10h15 \/ Cin\u00e9ma Vari\u00e9t\u00e9s 5<\/p>\n<p>Synopsis :\u00a0Des squats marseillais au centre ville de Lausanne en passant par le village de Manarade en Roumanie, Costel et sa famille se d\u00e9placent \u00e0 la recherche d&rsquo;un moyen de gagner leur vie.<br \/>\nLa r\u00e9alisatrice filme Costel en super8 Noir et blanc, Costel filme les siens en vid\u00e9o couleur, ils \u00e9changent des images et des sons, t\u00e9moins et acteurs d&rsquo;un quotidien fait de d\u00e9brouilles, de croyances et de survie.<\/p>\n<p><strong>La photographie <\/strong><\/p>\n<p>A Marseille du 8 ao\u00fbt au 14 septembre on retrouvera une cr\u00e9ation de Mathieu Pernot\u00a0de retour dans son pays d&rsquo;origine.\u00a020 rue Saint Antoine<\/p>\n<p><strong>Nous serons tous d&rsquo;ici <\/strong>\u00a0:<\/p>\n<p>A Pays d&rsquo;Aubagne du 15 septembre au 15 octobre,\u00a0festival\u00a0qui s&rsquo;int\u00e9resse \u00e0 la diversit\u00e9 culturelle. Un temps fort sera d\u00e9di\u00e9 aux cultures Roms<\/p>\n<p>Le dernier trimestre r\u00e9serve encore quelques belles surprises.<\/p>\n<p>A suivre et \u00e0 voir sur le site de MP13<\/p>\n","protected":false},"excerpt":{"rendered":"<p>La programmation de MARSEILLE 2013, capitale europ\u00e9enne, fait une place \u00e0 la culture Tsigane <\/p>\n","protected":false},"author":1,"featured_media":0,"comment_status":"closed","ping_status":"closed","sticky":false,"template":"","format":"standard","meta":{"footnotes":""},"categories":[10],"tags":[],"class_list":["post-1164","post","type-post","status-publish","format-standard","hentry","category-festivals-et-manifestations"],"_links":{"self":[{"href":"https:\/\/archives.rencontrestsiganes.org\/index.php\/wp-json\/wp\/v2\/posts\/1164","targetHints":{"allow":["GET"]}}],"collection":[{"href":"https:\/\/archives.rencontrestsiganes.org\/index.php\/wp-json\/wp\/v2\/posts"}],"about":[{"href":"https:\/\/archives.rencontrestsiganes.org\/index.php\/wp-json\/wp\/v2\/types\/post"}],"author":[{"embeddable":true,"href":"https:\/\/archives.rencontrestsiganes.org\/index.php\/wp-json\/wp\/v2\/users\/1"}],"replies":[{"embeddable":true,"href":"https:\/\/archives.rencontrestsiganes.org\/index.php\/wp-json\/wp\/v2\/comments?post=1164"}],"version-history":[{"count":0,"href":"https:\/\/archives.rencontrestsiganes.org\/index.php\/wp-json\/wp\/v2\/posts\/1164\/revisions"}],"wp:attachment":[{"href":"https:\/\/archives.rencontrestsiganes.org\/index.php\/wp-json\/wp\/v2\/media?parent=1164"}],"wp:term":[{"taxonomy":"category","embeddable":true,"href":"https:\/\/archives.rencontrestsiganes.org\/index.php\/wp-json\/wp\/v2\/categories?post=1164"},{"taxonomy":"post_tag","embeddable":true,"href":"https:\/\/archives.rencontrestsiganes.org\/index.php\/wp-json\/wp\/v2\/tags?post=1164"}],"curies":[{"name":"wp","href":"https:\/\/api.w.org\/{rel}","templated":true}]}}