{"id":1122,"date":"2013-02-13T19:20:55","date_gmt":"2013-02-13T19:20:55","guid":{"rendered":"http:\/\/rt.boullier.fr\/?p=1122"},"modified":"2013-02-13T19:20:55","modified_gmt":"2013-02-13T19:20:55","slug":"art1122","status":"publish","type":"post","link":"https:\/\/archives.rencontrestsiganes.org\/index.php\/2013\/02\/13\/art1122\/","title":{"rendered":"Des manifestations \u00e0 ne pas manquer"},"content":{"rendered":"<p class=\"spip\">\u00a0<strong>Quelques dates et \u00e9v\u00e9nements \u00e0 noter &#8230;<br \/>\n<\/strong><\/p>\n<p style=\"text-align: justify;\"><strong>A Paris <\/strong>Du 28 janvier au 22 mars<\/p>\n<p>Exposition de l&rsquo;artiste Gabi Jimenez \u00ab\u00a0Mais o\u00f9 sont pass\u00e9s les gitans\u00a0?\u00a0\u00bb<\/p>\n<p>DIHAL (Mission Interminist\u00e9rielle aupr\u00e8s du Premier Ministre) 20 avenue de Segur, 75008 Paris &#8211; Hall d&rsquo;accueil S\u00e9gur de<\/p>\n<p><strong><br \/>\n<\/strong><\/p>\n<p class=\"spip\" style=\"text-align: center;\"><strong>\u00a0<\/strong><\/p>\n<div style=\"text-align: center;\">\n<div style=\"text-align: center;\"><strong><a title=\"JPEG - 152.6 ko\" href=\"https:\/\/archives.rencontrestsiganes.org\/IMG\/jpg\/flyer-gabi-2.jpg\" type=\"image\/jpeg\"><img loading=\"lazy\" decoding=\"async\" class=\"miniature_document\" style=\"height: 120px; width: 56px;\" src=\"https:\/\/archives.rencontrestsiganes.org\/local\/cache-vignettes\/L56xH120\/flyer-gabi-2-98218.jpg?date=1360774833\" alt=\"\" width=\"56\" height=\"120\" \/><\/a><br \/>\n<\/strong><\/div>\n<\/div>\n<p class=\"spip\"><strong>La Seyne sur Mer\u00a0<\/strong> jeudi 14 f\u00e9vrier 19h30<\/p>\n<p class=\"spip\">Projection du film de Tony Gatlif \u00ab\u00a0Libert\u00e9\u00a0\u00bb suivie d&rsquo;un d\u00e9batSalle Apollinaire , Avenue du docteur Mazen 83500<\/p>\n<p class=\"spip\"><strong>Marseille <\/strong>Mercredi 20 f\u00e9vrier \u00e0 19h30<\/p>\n<p class=\"spip\">Projection du film de Nicolas Hans Martin <strong>\u00ab\u00a0Un coin de paradis\u00a0\u00bb<\/strong><\/p>\n<p style=\"text-align: justify;\">Dans un village \u00e0 l&rsquo;extr\u00eame Est de la Roumanie, vivent Gheorghe et Firica, un vieux couple de paysans tsiganes. Au fil des saisons, leur quotidien est rythm\u00e9 par leurs engueulades, leurs rires et l&rsquo;attente sans cesse reconduite d&rsquo;un retour des enfants partis chercher une vie meilleure \u00e0 l&rsquo;\u00e9tranger.<br \/>\nAuditorium, Maison de la R\u00e9gion, 61 la Canebi\u00e8re 13001<\/p>\n<p style=\"text-align: justify;\"><strong>Marseille <\/strong>Vendredi 22 f\u00e9vrier \u00e0 14h30<\/p>\n<p style=\"text-align: justify;\">Dans le cadre de Marseillle Capitale Europ\u00e9enne<\/p>\n<p style=\"text-align: justify;\"><strong>Inauguration de l&rsquo;exposition \u00ab\u00a0\u00e0 la gitane\u00a0\u00bb\u00a0:<\/strong><br \/>\nCette exposition est le fruit d&rsquo;un projet de m\u00e9diation participatif \u00ab\u00a0Partage de m\u00e9moires gitanes\u00a0\u00bb men\u00e9 depuis trois ans par l&rsquo;association Petit \u00e0 Petit et le Museon Arlaten, avec la communaut\u00e9 gitane d&rsquo;Arles, les \u00e9l\u00e8ves de l&rsquo;\u00e9cole Marie Curie et du coll\u00e8ge Amp\u00e8re.La Galerie des Quais, au J1, Place de la Joliette, 13002 Marseille<\/p>\n<p style=\"text-align: justify;\">\n","protected":false},"excerpt":{"rendered":"<p>A Paris, Marseille, mais ausi un peu partout en France la culture Tsiagne est \u00e0  l&rsquo;honneur <\/p>\n","protected":false},"author":1,"featured_media":0,"comment_status":"closed","ping_status":"closed","sticky":false,"template":"","format":"standard","meta":{"footnotes":""},"categories":[10],"tags":[],"class_list":["post-1122","post","type-post","status-publish","format-standard","hentry","category-festivals-et-manifestations"],"_links":{"self":[{"href":"https:\/\/archives.rencontrestsiganes.org\/index.php\/wp-json\/wp\/v2\/posts\/1122","targetHints":{"allow":["GET"]}}],"collection":[{"href":"https:\/\/archives.rencontrestsiganes.org\/index.php\/wp-json\/wp\/v2\/posts"}],"about":[{"href":"https:\/\/archives.rencontrestsiganes.org\/index.php\/wp-json\/wp\/v2\/types\/post"}],"author":[{"embeddable":true,"href":"https:\/\/archives.rencontrestsiganes.org\/index.php\/wp-json\/wp\/v2\/users\/1"}],"replies":[{"embeddable":true,"href":"https:\/\/archives.rencontrestsiganes.org\/index.php\/wp-json\/wp\/v2\/comments?post=1122"}],"version-history":[{"count":0,"href":"https:\/\/archives.rencontrestsiganes.org\/index.php\/wp-json\/wp\/v2\/posts\/1122\/revisions"}],"wp:attachment":[{"href":"https:\/\/archives.rencontrestsiganes.org\/index.php\/wp-json\/wp\/v2\/media?parent=1122"}],"wp:term":[{"taxonomy":"category","embeddable":true,"href":"https:\/\/archives.rencontrestsiganes.org\/index.php\/wp-json\/wp\/v2\/categories?post=1122"},{"taxonomy":"post_tag","embeddable":true,"href":"https:\/\/archives.rencontrestsiganes.org\/index.php\/wp-json\/wp\/v2\/tags?post=1122"}],"curies":[{"name":"wp","href":"https:\/\/api.w.org\/{rel}","templated":true}]}}