{"id":1081,"date":"2012-10-06T10:54:12","date_gmt":"2012-10-06T09:54:12","guid":{"rendered":"http:\/\/rt.boullier.fr\/?p=1081"},"modified":"2012-10-06T10:54:12","modified_gmt":"2012-10-06T09:54:12","slug":"art1081","status":"publish","type":"post","link":"https:\/\/archives.rencontrestsiganes.org\/index.php\/2012\/10\/06\/art1081\/","title":{"rendered":"Une exposition, un concert, un film : trois souffles d&rsquo;air frais"},"content":{"rendered":"<p>Alors que\u00a0la chasse aux Roms s\u00e9vit dans toute la France\u00a0et d\u00e9chaine des torrents de haine\u00a0trois\u00a0\u00e9v\u00e8nements culturels tr\u00e8s diff\u00e9rents\u00a0redonnent espoir et\u00a0courage.<\/p>\n<p>&nbsp;<\/p>\n<p><span style=\"font-size: 16px;\"><strong>1\u00b0 A Paris\u00a0au Grand Palais\u00a0jusqu&rsquo;au\u00a014 janvier 2013<\/strong><\/span> il faut, si vous le pouvez, ne pas manquer\u00a0la la passionnante exposition\u00a0intitul\u00e9e\u00a0:<\/p>\n<p style=\"text-align: center;\"><span style=\"font-size: 18px;\"><strong>BOHEMES\u00a0: <em>le roman de la libert\u00e9<\/em><\/strong>\u00a0<\/span><\/p>\n<p>\u00e0 l&rsquo;initiative de la r\u00e9union de Mus\u00e9e nationaux.\u00a0Un grand moment de plaisir esth\u00e9tique mais aussi de m\u00e9moire.<\/p>\n<p><span style=\"font-size: 18px;\"><strong>\u00a02\u00b0 A Marseille\u00a0\u00e0 la Fiesta des\u00a0Suds\u00a0le 19 octobre <\/strong><\/span><\/p>\n<p style=\"text-align: center;\"><span style=\"font-size: 20px;\"><strong>Goran Bregovic, coeur de gitans<\/strong><\/span><\/p>\n<p style=\"text-align: justify;\"><em>\u00a0<\/em><\/p>\n<p style=\"text-align: center;\"><a title=\"JPEG - 34.2 ko\" href=\"https:\/\/archives.rencontrestsiganes.org\/IMG\/jpg\/Goran_Bre_govic_.jpg\" type=\"image\/jpeg\"><img loading=\"lazy\" decoding=\"async\" class=\"miniature_document\" src=\"https:\/\/archives.rencontrestsiganes.org\/local\/cache-vignettes\/L110xH61\/Goran_Bre_govic_-e1136.jpg?date=1349359381\" alt=\"\" width=\"141\" height=\"75\" \/><\/a><\/p>\n<div style=\"text-align: center;\"><\/div>\n<p style=\"text-align: justify;\"><em>Interview publi\u00e9 dan le journal la <\/em>Provence\u00a0l<em>e mardi 25 <\/em>septembre 2012<\/p>\n<p style=\"text-align: justify;\">Goran Bregovic, c&rsquo;est cet olibrius \u00e0 l&rsquo;accent envo\u00fbtant qui trimballe sur les sc\u00e8nes du monde entier, en m\u00eame temps son esprit rock et son sens tr\u00e8s tsigane de la f\u00eate. Il sera en concert en avant-premi\u00e8re \u00e0 la Fiesta des Suds le 19 octobre.<\/p>\n<p>Goran Bregovic c\u00e9l\u00e8bre le talent gitan avec son orchestre\u00a0: Champagne\u00a0!<br \/>\nPhoto DR<br \/>\nGoran Bregovic, c&rsquo;est cet olibrius \u00e0 l&rsquo;accent envo\u00fbtant qui trimballe sur les sc\u00e8nes du monde entier, en m\u00eame temps que son costard blanc, son esprit rock et son sens tr\u00e8s tsigane de la f\u00eate. Compositeur c\u00e9l\u00e9br\u00e9 (pour ses musiques de films Le temps des Gitans ou La reine Margot), pop star furieusement d\u00e9jant\u00e9e, il livre avec Champagne for Gypsies un live r\u00e9jouissant et radieux d\u00e9di\u00e9 aux gitans du monde entier, qui sort aujourd&rsquo;hui port\u00e9 par l&rsquo;\u00e9nergie d\u00e9mesur\u00e9e de son orchestre des mariages et des enterrements. Un matin, depuis son bain, le plus parisien des Belgradois se raconte, rieur.<br \/>\nComment avez-vous con\u00e7u cet album, hommage aux gitans du monde entier\u00a0?<br \/>\nGoran Bregovic\u00a0: Je le consid\u00e8re comme la deuxi\u00e8me partie d&rsquo;Alkohol (ndlr\u00a0: sorti en janvier 2009). Nous sommes dans une p\u00e9riode o\u00f9 il y a une pression injuste sur les gitans. C&rsquo;est un peuple qui a laiss\u00e9 des traces dans notre culture, gr\u00e2ce \u00e0 son talent, \u00e0 ses repr\u00e9sentants les plus connus Charlie Chaplin, Django Reinhardt ou Elvis Presley. Alors c&rsquo;est un disque qui vient sensibiliser sur ce sujet, sur ce monde parall\u00e8le mais tr\u00e8s proche de nous. Les gitans, m\u00eame s&rsquo;ils sont diff\u00e9rents, sont gentils et m\u00e9ritent un traitement humain.<br \/>\nEst-ce que votre aura d&rsquo;ambassadeur des musiques gitanes vous donne cette responsabilit\u00e9\u00a0?<br \/>\nG.B.\u00a0: J&rsquo;esp\u00e8re que le disque est bon et que \u00e7a permettra de faire du bruit. La France est une terre d&rsquo;accueil depuis deux si\u00e8cles, les \u00e9trangers contribuent \u00e0 son histoire. J&rsquo;ai un passeport fran\u00e7ais, je suis r\u00e9fugi\u00e9&#8230; Alors quand la France expulse des gens, \u00e7a ne peut pas coller.<br \/>\nComment avez-vous choisi les morceaux de l&rsquo;album et les invit\u00e9s qui les interpr\u00e8tent\u00a0?<br \/>\nG.B.\u00a0: Au d\u00e9but j&rsquo;avais pr\u00e9vu d&rsquo;inviter beaucoup d&rsquo;autres gitans, mais je me suis arr\u00eat\u00e9 pour faire de la musique en Camargue avec Stephan Eicher, \u00e0 Rio avec Gogol Bordello, \u00e0 Bucarest avec Florin Salam, en Irlande avec Selina O&rsquo;Leary. J&rsquo;ai les ai tous rencontr\u00e9s autour de ce disque, j&rsquo;ai fait les choses tr\u00e8s simplement. Je leur ai envoy\u00e9 \u00e0 chacun des chansons, par exemple les Gipsy Kings ont accept\u00e9 alors qu&rsquo;ils ont refus\u00e9 beaucoup de collaborations. J&rsquo;ai apport\u00e9 mon mat\u00e9riel cru, j&rsquo;esp\u00e8re que le r\u00e9sultat est joyeux.<br \/>\nQu&rsquo;est ce qui vous fascine tellement dans la musique gitane\u00a0?<br \/>\nG.B.\u00a0: Entre la rumba catalane et la musique des Balkans, bien que tr\u00e8s diff\u00e9rentes, il y a le m\u00eame talent inexplicable. C&rsquo;est une musique pour que les femmes dansent sur les tables, pour que les musiciens aient de bons bakchichs.<br \/>\nC&rsquo;est dans cet esprit que vous donnez votre version de Bella Ciao\u00a0?<br \/>\nG.B.\u00a0: J&rsquo;ai fait cet arrangement il y a dix ans, depuis tout le monde le reprend et je voulais une chanson de r\u00e9sistance. C&rsquo;est avec plaisir que je la joue dans les concerts, elle est triste et joyeuse \u00e0 la fois.<br \/>\nComme la musique gitane&#8230;<br \/>\nG.B.\u00a0:\u00a0J&rsquo;adore cette volont\u00e9 gitane que tout finisse en happy end&#8230; C&rsquo;est un peuple optimiste, il peut habiter dans une maison en carton mais ce sera toujours comme un ch\u00e2teau. La vie y est belle\u00a0!<br \/>\nCe disque, c&rsquo;est une fa\u00e7on de renouer avec des traditions perdues\u00a0?<br \/>\nG.B.\u00a0:\u00a0Je viens d&rsquo;un endroit o\u00f9 le m\u00e9tier que je fais sera toujours un m\u00e9tier de gitans.<br \/>\nVous vous sentez en exil\u00a0?<br \/>\nG.B.\u00a0: Mon pays d\u00e9clar\u00e9 n&rsquo;existe plus. Quand votre patrie n&rsquo;est aucun territoire g\u00e9ographique, vous ne pouvez le construire qu&rsquo;autour des \u00e9motions&#8230; Je peux vivre \u00e0 Paris mais je ne peux pas travailler en dehors des Balkans, j&rsquo;ai besoin d&rsquo;\u00eatre entour\u00e9.<br \/>\nPourquoi le champagne\u00a0?<br \/>\nG.B.\u00a0: C&rsquo;est un disque \u00e0 boire et \u00e0 danser. L\u00e0 d&rsquo;o\u00f9 je viens, la musique est depuis toujours pour boire et danser, alors je reste dans cette tradition. L\u00e0 d&rsquo;o\u00f9 je viens, le champagne n&rsquo;est pas une boisson romantique, mais plut\u00f4t arrogante, on ne boit jamais dans des fl\u00fbtes, on s&rsquo;en asperge la t\u00eate deux bouteilles \u00e0 la main. Moi, je bois seulement sur sc\u00e8ne&#8230; D&rsquo;ailleurs quand on me dit\u00a0: O\u00f9 veux-tu sortir ce soir\u00a0? Je r\u00e9ponds toujours\u00a0: Je veux aller sur sc\u00e8ne avec mon orchestre. Alors, je mets mon costume que je ne mettrai jamais en temps normal, pour f\u00eater ce moment exceptionnel.<\/p>\n<p>Goran Bregovic sera en concert en avant-premi\u00e8re \u00e0 la Fiesta des Suds le 19 octobre.<br \/>\nGwenola GABELLEC<\/p>\n<p style=\"text-align: justify;\"><span style=\"font-size: 18px;\"><strong>\u00a0<u>3\u00b0 Un film\u00a0\u00e0 voir absolument <\/u><\/strong><\/span><\/p>\n<p style=\"text-align: justify;\">Et encore Notre ami Nicolas Martin nous a pr\u00e9sent\u00e9 en avant premi\u00e8re \u00e0 Grans son dernier film\u00a0Intitul\u00e9\u00a0: <span style=\"font-size: 16px;\"><em><strong>Un coin de paradis\u00a0<\/strong><\/em><\/span>Un grand moment d&rsquo;\u00e9motion . Mais on ne reparlera bient\u00f4t<\/p>\n","protected":false},"excerpt":{"rendered":"<p>Quand la culture  transcende, le m\u00e9pris et la haine: Trois moments forts pour respirer un peu  d&rsquo;air frais.   <\/p>\n","protected":false},"author":1,"featured_media":0,"comment_status":"closed","ping_status":"closed","sticky":false,"template":"","format":"standard","meta":{"footnotes":""},"categories":[10],"tags":[],"class_list":["post-1081","post","type-post","status-publish","format-standard","hentry","category-festivals-et-manifestations"],"_links":{"self":[{"href":"https:\/\/archives.rencontrestsiganes.org\/index.php\/wp-json\/wp\/v2\/posts\/1081","targetHints":{"allow":["GET"]}}],"collection":[{"href":"https:\/\/archives.rencontrestsiganes.org\/index.php\/wp-json\/wp\/v2\/posts"}],"about":[{"href":"https:\/\/archives.rencontrestsiganes.org\/index.php\/wp-json\/wp\/v2\/types\/post"}],"author":[{"embeddable":true,"href":"https:\/\/archives.rencontrestsiganes.org\/index.php\/wp-json\/wp\/v2\/users\/1"}],"replies":[{"embeddable":true,"href":"https:\/\/archives.rencontrestsiganes.org\/index.php\/wp-json\/wp\/v2\/comments?post=1081"}],"version-history":[{"count":0,"href":"https:\/\/archives.rencontrestsiganes.org\/index.php\/wp-json\/wp\/v2\/posts\/1081\/revisions"}],"wp:attachment":[{"href":"https:\/\/archives.rencontrestsiganes.org\/index.php\/wp-json\/wp\/v2\/media?parent=1081"}],"wp:term":[{"taxonomy":"category","embeddable":true,"href":"https:\/\/archives.rencontrestsiganes.org\/index.php\/wp-json\/wp\/v2\/categories?post=1081"},{"taxonomy":"post_tag","embeddable":true,"href":"https:\/\/archives.rencontrestsiganes.org\/index.php\/wp-json\/wp\/v2\/tags?post=1081"}],"curies":[{"name":"wp","href":"https:\/\/api.w.org\/{rel}","templated":true}]}}