{"id":1076,"date":"2012-10-04T08:24:11","date_gmt":"2012-10-04T08:24:11","guid":{"rendered":"http:\/\/rt.boullier.fr\/?p=1076"},"modified":"2012-10-04T08:24:11","modified_gmt":"2012-10-04T08:24:11","slug":"art1076","status":"publish","type":"post","link":"https:\/\/archives.rencontrestsiganes.org\/index.php\/2012\/10\/04\/art1076\/","title":{"rendered":"Des solutions maintenant !"},"content":{"rendered":"<p align=\"center\"><em>Le Collectif Aixois pour les Droits et la Dignit\u00e9 des Roms, des Immigr\u00e9s et des Sans-papiers (CADDRIS*) vous propose,<\/em><\/p>\n<p align=\"center\"><strong>le Samedi 6 Octobre au Centre Social les Amandiers,<\/strong><\/p>\n<p align=\"center\"><strong>6 all\u00e9e des Amandiers au Jas de Bouffan,<\/strong><\/p>\n<p align=\"center\"><strong>un colloque\u00a0:<\/strong><\/p>\n<p align=\"center\"><strong>DES SOLUTIONS MAINTENANT\u00a0!<\/strong><\/p>\n<p>A partir de <strong>16 Heures 30<\/strong>, deux tables rondes\u00a0:<\/p>\n<p><strong>1) Europe, M\u00e9diterran\u00e9e\u00a0: Pour un monde de dialogue et d&rsquo;\u00e9change respectueux des droits et de la dignit\u00e9 de tous<\/strong><\/p>\n<p>&#8211; <strong><em>Aline ARCHIMBAUD <\/em><\/strong><em>S\u00e9natrice \u00ab\u00a0Europe Ecologie &#8211; Les Verts\u00a0\u00bb<\/em><\/p>\n<p>&#8211; <strong><em>Marie Christine VERGIAT <\/em><\/strong><em>D\u00e9put\u00e9 Europ\u00e9enne \u00ab\u00a0Front de Gauche\u00a0\u00bb<\/em><\/p>\n<p>&#8211; <strong><em>Ilsen ABOUT <\/em><\/strong><em>\u00c9cole des Hautes \u00c9tudes en Sciences Sociales (EHESS) Paris, Institut D&rsquo;Ethnologie M\u00e9diterran\u00e9enne, Europ\u00e9enne et Comparative (IDEMEC), Maison M\u00e9diterran\u00e9enne des Sciences de l&rsquo;Homme (MMSH) Aix-Marseille Universit\u00e9<\/em><\/p>\n<p>&#8211; <strong><em>Nacer EL IDRISSI <\/em><\/strong><em>militant associatif ATMF national<\/em><\/p>\n<p>&#8211; <strong><em>M\u00e9diatrice\u00a0: Myriam GUILLAUME <\/em><\/strong><em>Journaliste La Marseillaise<\/em><\/p>\n<p><strong>Intervention de Monseigneur GAILLOT<\/strong><\/p>\n<p><strong>2) Roms\u00a0: Vers la fin de la stigmatisation, pour des solutions humaines et durables<\/strong><\/p>\n<p>&#8211; <strong><em>Marc DURAND <\/em><\/strong><em>Ligue des Droits de l&rsquo;Homme, Vice Pr\u00e9sident de Rencontres Tsiganes<\/em><\/p>\n<p>&#8211; <strong><em>Dominique MICHEL <\/em><\/strong><em>Rencontres tsiganes<\/em><\/p>\n<p>&#8211; <strong><em>Marc BORDIGONI <\/em><\/strong><em>chercheur CNRS, IDEMEC-MMSH, Aix-en-Provence<\/em><\/p>\n<p>&#8211; <strong><em>Alexandre LECLEVE <\/em><\/strong><em>Rom Europe<\/em><\/p>\n<p>&#8211; <strong><em>M\u00e9diateur\u00a0: Benoit HUBERT <\/em><\/strong><em>Aix Solidarit\u00e9<\/em><\/p>\n<p>&nbsp;<\/p>\n<p><strong>19H 30 entracte <\/strong>autour des cuisines de la M\u00e9diterran\u00e9e propos\u00e9 par l&rsquo;Association des Travailleurs Maghr\u00e9bins de France (ATMF)<\/p>\n<p><strong>20H 30 partie spectacle, ouverte \u00e0 tous avec\u00a0:<\/strong><\/p>\n<p><strong>Fanfare VAGABONTU <\/strong><strong>&#8211; Musiques tsiganes et du monde<\/strong><\/p>\n<p><strong>Miqu\u00e9u MONTANARO <\/strong><strong>&#8211; Nouvelles musiques traditionnelles<\/strong><\/p>\n<p><em>* Les signataires de la charte du CADDRIS\u00a0: Aix \u00e9cologie, Aix-Solidarit\u00e9, Alternatifs 13, Amnesty groupe 133 d&rsquo;Aix en Provence, Association de Solidarit\u00e9 avec les Travailleurs Immigr\u00e9s, Association des Travailleurs Maghr\u00e9bins de France, ATTAC Pays d&rsquo;Aix, CFDT du Pays d&rsquo;Aix, EMMAUS Cabri\u00e8s, Europe Ecologie Les Verts Pays d&rsquo;Aix, F\u00e9minin(s) Pluriel(s) en Pays d&rsquo;Aix, Jeunesse Communiste d&rsquo;Aix en Provence, Les Jeunes Ecologistes Aix-Marseille, Ligue des Droits de l&rsquo;Homme, MAIS International, MRAP Aix, Nouveau Parti Anticapitaliste, Parti Communiste Fran\u00e7ais &#8211; Aix, Parti de Gauche, Partit Occitan, Parti Socialiste, Rencontres Tsiganes, R\u00e9seau Education Sans Fronti\u00e8res 13, Syndicat des Avocats de France, Syndicat de la Magistrature, Tous Ensemble Pour Aix, Union des \u00c9tudiants Communistes, Union Pour Aix, Union locale de la Conf\u00e9d\u00e9ration Nationale du Logement du Pays d&rsquo;Aix,Unis pour un Monde Solidaire&#8230;<\/em><\/p>\n","protected":false},"excerpt":{"rendered":"<p>Le Collectif Aixois pour les Droits et la Dignit\u00e9 des Roms, des Immigr\u00e9s et des Sans-papiers (CADDRIS*) vous propose, le Samedi 6 Octobre au Centre Social les Amandiers, 6 all\u00e9e des Amandiers au Jas de Bouffan, un colloque\u00a0: DES SOLUTIONS MAINTENANT\u00a0! A partir de 16 Heures 30, deux tables rondes\u00a0: 1) Europe, M\u00e9diterran\u00e9e\u00a0: Pour un [&hellip;]<\/p>\n","protected":false},"author":1,"featured_media":0,"comment_status":"closed","ping_status":"closed","sticky":false,"template":"","format":"standard","meta":{"footnotes":""},"categories":[18,25],"tags":[37,45],"class_list":["post-1076","post","type-post","status-publish","format-standard","hentry","category-migrants-roms","category-sur-le-terrain","tag-aix","tag-caddris"],"_links":{"self":[{"href":"https:\/\/archives.rencontrestsiganes.org\/index.php\/wp-json\/wp\/v2\/posts\/1076","targetHints":{"allow":["GET"]}}],"collection":[{"href":"https:\/\/archives.rencontrestsiganes.org\/index.php\/wp-json\/wp\/v2\/posts"}],"about":[{"href":"https:\/\/archives.rencontrestsiganes.org\/index.php\/wp-json\/wp\/v2\/types\/post"}],"author":[{"embeddable":true,"href":"https:\/\/archives.rencontrestsiganes.org\/index.php\/wp-json\/wp\/v2\/users\/1"}],"replies":[{"embeddable":true,"href":"https:\/\/archives.rencontrestsiganes.org\/index.php\/wp-json\/wp\/v2\/comments?post=1076"}],"version-history":[{"count":0,"href":"https:\/\/archives.rencontrestsiganes.org\/index.php\/wp-json\/wp\/v2\/posts\/1076\/revisions"}],"wp:attachment":[{"href":"https:\/\/archives.rencontrestsiganes.org\/index.php\/wp-json\/wp\/v2\/media?parent=1076"}],"wp:term":[{"taxonomy":"category","embeddable":true,"href":"https:\/\/archives.rencontrestsiganes.org\/index.php\/wp-json\/wp\/v2\/categories?post=1076"},{"taxonomy":"post_tag","embeddable":true,"href":"https:\/\/archives.rencontrestsiganes.org\/index.php\/wp-json\/wp\/v2\/tags?post=1076"}],"curies":[{"name":"wp","href":"https:\/\/api.w.org\/{rel}","templated":true}]}}