{"id":1057,"date":"2012-07-30T17:05:28","date_gmt":"2012-07-30T16:05:28","guid":{"rendered":"http:\/\/rt.boullier.fr\/?p=1057"},"modified":"2012-07-30T17:05:28","modified_gmt":"2012-07-30T16:05:28","slug":"art1057","status":"publish","type":"post","link":"https:\/\/archives.rencontrestsiganes.org\/index.php\/2012\/07\/30\/art1057\/","title":{"rendered":"Des solutions pour une s\u00e9dentarisation choisie ?"},"content":{"rendered":"<p style=\"text-align: justify;\"><strong>A Br\u00e9tigny, des HLM sp\u00e9ciales pour les gens du voyage<\/strong><br \/>\nUne r\u00e9sidence de 27 logements sociaux con\u00e7us pour les gens du voyage s\u00e9dentaris\u00e9s est inaugur\u00e9e demain \u00e0 Br\u00e9tigny. Les jardins, par exemple, pourront accueillir au moins deux caravanes.<br \/>\nFlorian Loisy | Publi\u00e9 le 03.07.2012, 06h11<\/p>\n<p><a href=\"https:\/\/archives.rencontrestsiganes.org\/wp-content\/uploads\/Photo_Bre_tign-jpg-567.jpg\"><img loading=\"lazy\" decoding=\"async\" class=\"size-medium wp-image-10900 aligncenter\" src=\"https:\/\/archives.rencontrestsiganes.org\/wp-content\/uploads\/Photo_Bre_tign-jpg-567-300x213.jpg\" alt=\"jpg\/Photo_Bre_tign-jpg-567.jpg\" width=\"300\" height=\"213\" \/><\/a><\/p>\n<p>D&rsquo;une caravane \u00e0 une belle petite maison avec son toit v\u00e9g\u00e9talis\u00e9\u00a0! Demain, 27 familles issues de la communaut\u00e9 des gens du voyage vont s&rsquo;installer dans des HLM sp\u00e9cialement \u00e9tudi\u00e9es pour elles, chemin du Vieux-Pav\u00e9 \u00e0 Br\u00e9tigny-sur-Orge. Ces gens du voyage s\u00e9dentaris\u00e9s depuis des ann\u00e9es sur des terrains entre Saint-Michel-sur-Orge et Br\u00e9tigny profitent de l&rsquo;investissement des pouvoirs publics.<\/p>\n<p>SUR LE M\u00caME SUJET<br \/>\no \u00ab\u00a0On va y gagner en hygi\u00e8ne, en confort\u00a0\u00bb<br \/>\n\u00ab\u00a0Ils ont \u00e9t\u00e9 d\u00e9log\u00e9s par l&rsquo;Etat lorsqu&rsquo;on a construit la N104. Il \u00e9tait normal de monter un projet pour leur permettre de se loger, juge Bernard Decaux, le maire PS de Br\u00e9tigny. Mais c&rsquo;est une grande premi\u00e8re car tout a \u00e9t\u00e9 fait pour tenir compte de leurs habitudes de vie.\u00a0\u00bb<\/p>\n<p style=\"text-align: justify;\">Des am\u00e9nagements et un r\u00e8glement sp\u00e9cifique<\/p>\n<p style=\"text-align: justify;\">Avec l&rsquo;Association d\u00e9partementale gens du voyage de l&rsquo;Essonne, le bailleur social (l&rsquo;Opievoy) a pu discuter avec les futurs locataires afin de cerner au mieux leurs attentes. Le jardin c\u00f4t\u00e9 rue est donc particuli\u00e8rement large afin de pouvoir accueillir au moins deux caravanes. \u00ab\u00a0Les futurs occupants nous ont dit qu&rsquo;ils avaient besoin de place pour pouvoir inviter des amis ou de la famille\u00a0\u00bb, indique-t-on \u00e0 la direction de l&rsquo;Opievoy. Pour les m\u00eames raisons de convivialit\u00e9, la cuisine est suffisamment grande pour permettre d&rsquo;y manger \u00e0 huit ou dix, selon le bailleur social.<\/p>\n<p style=\"text-align: justify;\">Par ailleurs, les terrains ne sont pas tous clos individuellement, mais au contraire d\u00e9coup\u00e9s en fonction des demandes des familles. De plus, un tuyau de po\u00eale a \u00e9t\u00e9 install\u00e9 sp\u00e9cialement. \u00ab\u00a0Nous avons mis en place un chauffage collectif, mais au cours des discussions que nous avions avec eux, ils nous disaient pr\u00e9f\u00e9rer un po\u00eale \u00e0 bois et qu&rsquo;ils feraient les travaux n\u00e9cessaires. Nous avons donc pr\u00e9vu un emplacement sp\u00e9cifique\u00a0\u00bb, reprend-on \u00e0 l&rsquo;Opievoy.<\/p>\n<p style=\"text-align: justify;\">Le r\u00e8glement int\u00e9rieur de cette r\u00e9sidence HLM pas comme les autres a aussi \u00e9t\u00e9 un peu adapt\u00e9 afin d&rsquo;aider les habitants \u00e0 se responsabiliser pour ce premier logement \u00ab\u00a0en dur\u00a0\u00bb. Le contenu indique notamment qu&rsquo;il est interdit de faire de l&rsquo;\u00e9levage. \u00ab\u00a0Tout un travail a \u00e9t\u00e9 fait par les associations pour les aider dans les d\u00e9marches administratives\u00a0\u00bb, insiste \u00e9galement le maire de Br\u00e9tigny.<\/p>\n<p style=\"text-align: justify;\">Gr\u00e2ce aux aides, une des familles ne d\u00e9bourse ainsi que 60 EUR par mois pour se loger dans cette HLM.\u00a0\u00ab\u00a0Et comme ils n&rsquo;ont jamais pay\u00e9 de charges pour des logements classiques, nous avons des r\u00e9unions pour leur expliquer les raisons de ces d\u00e9penses suppl\u00e9mentaires\u00a0\u00bb, souligne l&rsquo;Opievoy.<\/p>\n<p style=\"text-align: justify;\">Le Parisien<\/p>\n","protected":false},"excerpt":{"rendered":"<p>C&rsquo;est ce que propose le maire de Br\u00e9tigny.  Un exemple \u00e0 suivre  <\/p>\n","protected":false},"author":1,"featured_media":0,"comment_status":"closed","ping_status":"closed","sticky":false,"template":"","format":"standard","meta":{"footnotes":""},"categories":[13],"tags":[],"class_list":["post-1057","post","type-post","status-publish","format-standard","hentry","category-habitat-sedentaire"],"_links":{"self":[{"href":"https:\/\/archives.rencontrestsiganes.org\/index.php\/wp-json\/wp\/v2\/posts\/1057","targetHints":{"allow":["GET"]}}],"collection":[{"href":"https:\/\/archives.rencontrestsiganes.org\/index.php\/wp-json\/wp\/v2\/posts"}],"about":[{"href":"https:\/\/archives.rencontrestsiganes.org\/index.php\/wp-json\/wp\/v2\/types\/post"}],"author":[{"embeddable":true,"href":"https:\/\/archives.rencontrestsiganes.org\/index.php\/wp-json\/wp\/v2\/users\/1"}],"replies":[{"embeddable":true,"href":"https:\/\/archives.rencontrestsiganes.org\/index.php\/wp-json\/wp\/v2\/comments?post=1057"}],"version-history":[{"count":0,"href":"https:\/\/archives.rencontrestsiganes.org\/index.php\/wp-json\/wp\/v2\/posts\/1057\/revisions"}],"wp:attachment":[{"href":"https:\/\/archives.rencontrestsiganes.org\/index.php\/wp-json\/wp\/v2\/media?parent=1057"}],"wp:term":[{"taxonomy":"category","embeddable":true,"href":"https:\/\/archives.rencontrestsiganes.org\/index.php\/wp-json\/wp\/v2\/categories?post=1057"},{"taxonomy":"post_tag","embeddable":true,"href":"https:\/\/archives.rencontrestsiganes.org\/index.php\/wp-json\/wp\/v2\/tags?post=1057"}],"curies":[{"name":"wp","href":"https:\/\/api.w.org\/{rel}","templated":true}]}}