{"id":1056,"date":"2012-07-30T17:05:21","date_gmt":"2012-07-30T16:05:21","guid":{"rendered":"http:\/\/rt.boullier.fr\/?p=1056"},"modified":"2012-07-30T17:05:21","modified_gmt":"2012-07-30T16:05:21","slug":"art1056","status":"publish","type":"post","link":"https:\/\/archives.rencontrestsiganes.org\/index.php\/2012\/07\/30\/art1056\/","title":{"rendered":"Les Roms : une prise de conscience qui s&rsquo;\u00e9largit"},"content":{"rendered":"<p><strong>On lira ci-dessous, une d\u00e9claration de pr\u00eatres \u00e0 Marseille, un communiqu\u00e9 du Mrap \u00e0 Toulouse, un rapport sur les Roms en\u00a0Is\u00e8re, un communiqu\u00e9\u00a0 d&rsquo;un collectif a Lille, une lettre d&rsquo;un important collectif\u00a0 national a C\u00e9cile Duflot, Ministre du logement\u00a0 <\/strong><\/p>\n<p class=\"spip\"><strong>Expulsions des Roms\u00a0: 49 pr\u00eatres et diacres interpellent le maire de Marseille<\/strong><\/p>\n<p>Publi\u00e9 le 16.07.2012, 21h29 Le Parisien<\/p>\n<p>Dans une initiative in\u00e9dite, 49 pr\u00eatres et diacres du dioc\u00e8se de Marseille ont \u00e9crit au s\u00e9nateur-maire UMP Jean-Claude Gaudin pour d\u00e9noncer les expulsions \u00ab\u00a0intol\u00e9rables\u00a0\u00bb des familles Roms qui, selon eux, ne font que \u00ab\u00a0d\u00e9placer les probl\u00e8mes\u00a0\u00bb.<br \/>\n\u00ab\u00a0Nous sommes tr\u00e8s souvent t\u00e9moins de la pr\u00e9carit\u00e9 de leurs conditions de vie, conditions d&rsquo;o\u00f9 d\u00e9coulent des risques graves pour leur sant\u00e9 et m\u00eame pour leur vie\u00a0\u00bb, peut-on lire dans ce courrier envoy\u00e9 en juin et transmis lundi \u00e0 l&rsquo;AFP.<\/p>\n<p>\u00ab\u00a0Quand ces personnes ont trouv\u00e9 un lieu un peu stable, quand les associations commencent \u00e0 mettre en place des actions de scolarisation, de nettoyage de terrain, il n&rsquo;est pas rare qu&rsquo;elles en soient d\u00e9log\u00e9es souvent brutalement\u00a0\u00bb, poursuivent-ils.<br \/>\n\u00ab\u00a0Ces expulsions ne sont pas suivies de solutions de r\u00e9sidences convenables et durables. Cela ne fait que d\u00e9placer les probl\u00e8mes&#8230; et les personnes\u00a0\u00bb, jugent les auteurs de la lettre, d\u00e9plorant un \u00ab\u00a0acharnement\u00a0\u00bb.<br \/>\nConscients que \u00ab\u00a0les solutions sont difficiles \u00e0 trouver et qu&rsquo;elles impliquent de nombreux partenaires\u00a0\u00bb, les 49 pr\u00eatres et diacres r\u00e9clament l&rsquo;organisation d&rsquo;une nouvelle r\u00e9union en septembre, avec l&rsquo;objectif d&rsquo;aboutir \u00e0 des r\u00e9sultats concrets apr\u00e8s la tenue d&rsquo;une premi\u00e8re table ronde \u00e0 la pr\u00e9fecture le 10 juillet.<br \/>\nEntre 1.500 et 2.000 Roms vivent en situation de grande pr\u00e9carit\u00e9 dans la cit\u00e9 phoc\u00e9enne. Fin mai, l&rsquo;association M\u00e9decins du Monde (MdM) a saisi le D\u00e9fenseur des Droits, Dominique Baudis, estimant que les Roms de Marseille \u00e9taient, plus qu&rsquo;ailleurs, harcel\u00e9s et priv\u00e9s de soins, et demandant \u00ab\u00a0l&rsquo;arr\u00eat des expulsions sans proposition de relogement acceptable\u00a0\u00bb.<\/p>\n<p>&nbsp;<\/p>\n<p>M.R.A.P\u00a0Toulouse le 02 juillet 2012<br \/>\n79 all\u00e9es Charles de Fitte<br \/>\n31300 Toulouse<br \/>\nAu nom du \u00ab\u00a0Collectif Solidarit\u00e9 Roms\u00a0\u00bb Toulouse<br \/>\nMembre du collectif national \u00ab\u00a0Romeurope\u00a0\u00bb<\/p>\n<p>\u00e0<\/p>\n<p>Monsieur le Pr\u00e9fet de R\u00e9gion<br \/>\nMonsieur le Pr\u00e9sident du Conseil R\u00e9gional<br \/>\nMonsieur le Pr\u00e9sident du Conseil G\u00e9n\u00e9ral<br \/>\nMonsieur le Maire de la ville de Toulouse<\/p>\n<p><strong>Objet\u00a0: situation des Roms \u00e0 Toulouse<\/strong><\/p>\n<p>Messieurs,<\/p>\n<p>Le MRAP, au nom du \u00ab\u00a0Collectif Solidarit\u00e9 Roms\u00a0\u00bb, attire, \u00e0 nouveau, votre attention sur la situation des roms roumains et bulgares qui demeure extr\u00eamement pr\u00e9occupante \u00e0 Toulouse.<br \/>\nCette ville qui s&rsquo;enorgueillit d&rsquo;une tradition d&rsquo;accueil et de tol\u00e9rance, traite, en effet, ces populations qui poss\u00e8dent pourtant la citoyennet\u00e9 europ\u00e9enne, pauvres parmi les pauvres et victimes de stigmatisations nombreuses, d&rsquo;une fa\u00e7on bien peu digne de cette tradition.<br \/>\nDepuis plusieurs ann\u00e9es de nombreuses familles, sans solution d&rsquo;h\u00e9bergement et rejet\u00e9es de toutes parts s&rsquo;organisent elles-m\u00eames en construisant des espaces de vie.<br \/>\nC&rsquo;est le cas actuellement des populations qui se sont regroup\u00e9es sur les berges de la Garonne et qui vivent dans des conditions d&rsquo;existence indignes\u00a0: plus de 100 personnes dont une cinquantaine d&rsquo;enfants diss\u00e9min\u00e9s le long d&rsquo;un chemin sur 500 m se sont regroup\u00e9es suite aux expulsions polici\u00e8res brutales des 31 mai et 4 juin 2012 sur l&rsquo;\u00eele du Ramier. Aucun acc\u00e8s \u00e0 l&rsquo;eau potable, aucun \u00e9quipement sanitaire ni toilettes, un ramassage d&rsquo;ordures par semaine, pas de possibilit\u00e9 de conservation des aliments, pas d&rsquo;acc\u00e8s \u00e0 l&rsquo;\u00e9lectricit\u00e9, des probl\u00e8mes de sant\u00e9 tr\u00e8s nombreux.<\/p>\n<p>Le collectif demande instamment l&rsquo;arr\u00eat de toute \u00e9vacuation de leur lieu de vie sans proposition d&rsquo;h\u00e9bergement ou de relogement conform\u00e9ment aux engagement du candidat Fran\u00e7ois Hollande le 27 mars 2012 dans un courrier adress\u00e9 au collectif \u00ab\u00a0Romeurope\u00a0\u00bb\u00a0: \u00ab\u00a0La situation de ces femmes, de ces enfants, de ces hommes qui vivent dans des campements insalubres n&rsquo;est pas acceptable. Je souhaite que lorsqu&rsquo;un campement insalubre est d\u00e9mantel\u00e9, des solutions alternatives soient propos\u00e9es. On ne peut pas continuer \u00e0 accepter que des familles soient chass\u00e9es d&rsquo;un endroit sans solution. Cela les conduit \u00e0 s&rsquo;installer ailleurs, dans des conditions qui ne sont pas meilleures.\u00a0\u00bb<\/p>\n<p>Par ailleurs, les familles se voient priv\u00e9es de l&rsquo;acc\u00e8s \u00e0 l&#8217;emploi par des mesures discriminatoires qui limitent au plus tard jusqu&rsquo;au 1\u00b0 janvier 2014, leur droit au travail. Il est temps, d\u00e8s maintenant, de lever ces mesures transitoires, v\u00e9ritables freins \u00e0 l&rsquo;insertion de citoyens et qui font d&rsquo;eux des \u00ab\u00a0sous-citoyens europ\u00e9ens\u00a0\u00bb .<\/p>\n<p>Enfin, il est urgent que ces populations b\u00e9n\u00e9ficient de l&rsquo;acc\u00e8s effectif au droit commun, auquel ils ne peuvent acc\u00e9der\u00a0: droit \u00e0 la protection sociale, droit \u00e0 l&rsquo;\u00e9ducation, acc\u00e8s aux soins et \u00e0 la protection de la sant\u00e9.<\/p>\n<p>L&rsquo;urgence de la situation am\u00e8ne les associations composant le \u00ab\u00a0Collectif Solidarit\u00e9 Roms\u00a0\u00bb \u00e0 vous demander la mise en place d&rsquo;une table ronde r\u00e9unissant les repr\u00e9sentants de l&rsquo;Etat et des collectivit\u00e9s locales ainsi que les repr\u00e9sentants des acteurs associatifs pr\u00e9sents sur le terrain afin d&rsquo;\u00e9changer sur ces diff\u00e9rents points, de pr\u00e9ciser nos demandes et pour apporter des solutions \u00e0 une situation humanitaire d\u00e9solante.<\/p>\n<p>Nous vous remercions par avance pour votre attention et nous vous prions d&rsquo;agr\u00e9er, Messieurs, l&rsquo;expression de nos salutations.<\/p>\n<p>Le MRAP pour le Collectif<\/p>\n","protected":false},"excerpt":{"rendered":"<p>Peu \u00e0 peu la pr\u00e9sence des familles de Roms \u00e9trangers  sur le territoire est prise en consid\u00e9ration. Elus, mouvements associatifs,  pr\u00eatres, d\u00e9noncent \u00e0 leur mani\u00e8re une politique  incompr\u00e9hensible.    Mais que fait l&rsquo;Etat? <\/p>\n","protected":false},"author":1,"featured_media":0,"comment_status":"closed","ping_status":"closed","sticky":false,"template":"","format":"standard","meta":{"footnotes":""},"categories":[18],"tags":[],"class_list":["post-1056","post","type-post","status-publish","format-standard","hentry","category-migrants-roms"],"_links":{"self":[{"href":"https:\/\/archives.rencontrestsiganes.org\/index.php\/wp-json\/wp\/v2\/posts\/1056","targetHints":{"allow":["GET"]}}],"collection":[{"href":"https:\/\/archives.rencontrestsiganes.org\/index.php\/wp-json\/wp\/v2\/posts"}],"about":[{"href":"https:\/\/archives.rencontrestsiganes.org\/index.php\/wp-json\/wp\/v2\/types\/post"}],"author":[{"embeddable":true,"href":"https:\/\/archives.rencontrestsiganes.org\/index.php\/wp-json\/wp\/v2\/users\/1"}],"replies":[{"embeddable":true,"href":"https:\/\/archives.rencontrestsiganes.org\/index.php\/wp-json\/wp\/v2\/comments?post=1056"}],"version-history":[{"count":0,"href":"https:\/\/archives.rencontrestsiganes.org\/index.php\/wp-json\/wp\/v2\/posts\/1056\/revisions"}],"wp:attachment":[{"href":"https:\/\/archives.rencontrestsiganes.org\/index.php\/wp-json\/wp\/v2\/media?parent=1056"}],"wp:term":[{"taxonomy":"category","embeddable":true,"href":"https:\/\/archives.rencontrestsiganes.org\/index.php\/wp-json\/wp\/v2\/categories?post=1056"},{"taxonomy":"post_tag","embeddable":true,"href":"https:\/\/archives.rencontrestsiganes.org\/index.php\/wp-json\/wp\/v2\/tags?post=1056"}],"curies":[{"name":"wp","href":"https:\/\/api.w.org\/{rel}","templated":true}]}}