{"id":1054,"date":"2012-07-30T17:05:46","date_gmt":"2012-07-30T16:05:46","guid":{"rendered":"http:\/\/rt.boullier.fr\/?p=1054"},"modified":"2012-07-30T17:05:46","modified_gmt":"2012-07-30T16:05:46","slug":"art1054","status":"publish","type":"post","link":"https:\/\/archives.rencontrestsiganes.org\/index.php\/2012\/07\/30\/art1054\/","title":{"rendered":"A Aix-en-Provence , c&rsquo;est la loi du plus fort"},"content":{"rendered":"<p style=\"text-align: center;\"><strong>EXPULSION\u00a0: PAS DE SURSIS POUR LES ROMS DE L&rsquo;ARBOIS\u00a0!<br \/>\nA AIX-EN-PROVENCE, C&rsquo;EST TOUJOURS LA MIS\u00c8RE QU&rsquo;ON \u00c9CRASE\u00a0!<\/strong><\/p>\n<p><a href=\"https:\/\/archives.rencontrestsiganes.org\/wp-content\/uploads\/2012\/07\/arbois_fin_1.jpg\"><img loading=\"lazy\" decoding=\"async\" class=\"size-medium wp-image-10895 aligncenter\" src=\"https:\/\/archives.rencontrestsiganes.org\/wp-content\/uploads\/arbois_fin_1-300x225.jpg\" alt=\"jpg\/arbois_fin_1.jpg\" width=\"300\" height=\"225\" \/><\/a><\/p>\n<div style=\"text-align: justify;\">\u00a0Non seulement c&rsquo;est la mis\u00e8re qu&rsquo;on \u00e9crase mais les pouvoirs publics, comme la vile, font preuve d&rsquo;une totale irresponsabilit\u00e9 en l&rsquo;\u00e9tat de risque sanitaire av\u00e9r\u00e9. En effet les autorit\u00e9s publiques avaient \u00e9t\u00e9 alert\u00e9es sur plusieurs cas de tuberculose au sein de la population Rom de l&rsquo;Arbois. Cinq personnes ont \u00e9t\u00e9 transport\u00e9es d&rsquo;urgence sur les h\u00f4pitaux d&rsquo;Aix-en-Provence et de Marseille et mises \u00e0 l&rsquo;isolement.<\/div>\n<p style=\"text-align: justify;\">La pr\u00e9sence polici\u00e8re massive, d\u00e8s lundi matin, a entra\u00een\u00e9 la dispersion d&rsquo;une partie des populations. Cette diss\u00e9mination incontr\u00f4l\u00e9e d&rsquo;une population fragile, sans aucun encadrement sanitaire, fait courir des risques \u00e9vidents, non seulement \u00e0 ces personnes, mais aussi \u00e0 tous les habitants du d\u00e9partement. Faut-il rappeler que les \u00e9pid\u00e9mies ne connaissent ni nationalit\u00e9, ni fronti\u00e8re\u00a0?<\/p>\n<p><a href=\"https:\/\/archives.rencontrestsiganes.org\/wp-content\/uploads\/arv_bois_4.jpg\"><img loading=\"lazy\" decoding=\"async\" class=\"size-medium wp-image-10903 alignleft\" src=\"https:\/\/archives.rencontrestsiganes.org\/wp-content\/uploads\/arv_bois_4-300x225.jpg\" alt=\"jpg\/arv_bois_4.jpg\" width=\"300\" height=\"225\" \/><\/a><\/p>\n<p style=\"text-align: justify;\">Cela d\u00e9montre une fois de plus que les expulsions syst\u00e9matiques, sans traitement sur le fond, est non seulement inhumain mais contraire \u00e0 une bonne gestion du bien public.<\/p>\n<p style=\"text-align: justify;\">La commune d&rsquo;Aix-en-Provence semblait pourtant avoir pris la mesure de cette situation. Elle aurait annonc\u00e9, au cours d&rsquo;une r\u00e9union tenue la semaine derni\u00e8re, sa volont\u00e9 de surseoir au recours \u00e0 la force publique. On ne peut donc que se d\u00e9soler et d\u00e9noncer l&rsquo;attitude irresponsable de la commune, comme de l&rsquo;Etat. De surcroit les services de la Pr\u00e9fecture ont \u00e9t\u00e9 saisis de demandes d&rsquo;h\u00e9bergement d&rsquo;urgence. Les tribunaux ont r\u00e9cemment rappel\u00e9 que l&rsquo;h\u00e9bergement d&rsquo;urgence fait partie des libert\u00e9s fondamentales. Comment la Pr\u00e9fecture peut-elle accepter le recours \u00e0 la force publique alors qu&rsquo;elle ne remplit ses obligations\u00a0?<\/p>\n<p style=\"text-align: justify;\">Plus que jamais le CADDRIS demande des solutions d&rsquo;accueil dignes et humaines. Oui une table ronde qui r\u00e9unisse l&rsquo;\u00c9tat, les collectivit\u00e9s locales et territoriales, les associations qui oeuvrent au quotidien et les Roms eux-m\u00eames est r\u00e9ellement n\u00e9cessaire. Elle permettrait, dans un premier temps, de g\u00e9rer l&rsquo;urgence, et pr\u00e9parerait parall\u00e8lement la mobilisation des aides financi\u00e8res europ\u00e9ennes pr\u00e9vues pour l&rsquo;accueil et l&rsquo;insertion des Roms en vue de solutions \u00e0 moyen et long terme.<\/p>\n<p style=\"text-align: justify;\">Pourquoi ce qui est possible \u00e0 Lyon, Nantes, Lille ne le serait-il pas dans cette Provence qui a su accueillir tant de populations venues d&rsquo;ailleurs et qui ont aussi fait la richesse de cette terre\u00a0?<\/p>\n<p style=\"text-align: justify;\">Pour le Collectif Aixois pour les Droits et la Dignit\u00e9 des Roms, des Immigr\u00e9s et des Sans-Papiers (CADDRIS) &#8211; Aix-en-Provence, le 25 Juillet 2012<\/p>\n<p style=\"text-align: justify;\">Claudie Hubert &#8211; Philippe Chouard &#8211; Herv\u00e9 Guerrera &#8211; Philippe S\u00e9n\u00e9gas &#8211; Marc Durand<\/p>\n<p><a href=\"https:\/\/archives.rencontrestsiganes.org\/wp-content\/uploads\/Arbois6.jpg\"><img loading=\"lazy\" decoding=\"async\" class=\"size-medium wp-image-10893 aligncenter\" src=\"https:\/\/archives.rencontrestsiganes.org\/wp-content\/uploads\/Arbois6-300x264.jpg\" alt=\"jpg\/Arbois6.jpg\" width=\"300\" height=\"264\" \/><\/a><\/p>\n","protected":false},"excerpt":{"rendered":"<p> Malgr\u00e9 les rencontres et les affirmations  trompeuses, Madame le Maire   a tenu sa promesse et fait expulser avec le concours empress\u00e9 de la  justice et de la  Pr\u00e9fecture  tous les Roms du territoire communal. <\/p>\n","protected":false},"author":1,"featured_media":0,"comment_status":"closed","ping_status":"closed","sticky":false,"template":"","format":"standard","meta":{"footnotes":""},"categories":[30,18,25],"tags":[37],"class_list":["post-1054","post","type-post","status-publish","format-standard","hentry","category-communiques-interpellations","category-migrants-roms","category-sur-le-terrain","tag-aix"],"_links":{"self":[{"href":"https:\/\/archives.rencontrestsiganes.org\/index.php\/wp-json\/wp\/v2\/posts\/1054","targetHints":{"allow":["GET"]}}],"collection":[{"href":"https:\/\/archives.rencontrestsiganes.org\/index.php\/wp-json\/wp\/v2\/posts"}],"about":[{"href":"https:\/\/archives.rencontrestsiganes.org\/index.php\/wp-json\/wp\/v2\/types\/post"}],"author":[{"embeddable":true,"href":"https:\/\/archives.rencontrestsiganes.org\/index.php\/wp-json\/wp\/v2\/users\/1"}],"replies":[{"embeddable":true,"href":"https:\/\/archives.rencontrestsiganes.org\/index.php\/wp-json\/wp\/v2\/comments?post=1054"}],"version-history":[{"count":0,"href":"https:\/\/archives.rencontrestsiganes.org\/index.php\/wp-json\/wp\/v2\/posts\/1054\/revisions"}],"wp:attachment":[{"href":"https:\/\/archives.rencontrestsiganes.org\/index.php\/wp-json\/wp\/v2\/media?parent=1054"}],"wp:term":[{"taxonomy":"category","embeddable":true,"href":"https:\/\/archives.rencontrestsiganes.org\/index.php\/wp-json\/wp\/v2\/categories?post=1054"},{"taxonomy":"post_tag","embeddable":true,"href":"https:\/\/archives.rencontrestsiganes.org\/index.php\/wp-json\/wp\/v2\/tags?post=1054"}],"curies":[{"name":"wp","href":"https:\/\/api.w.org\/{rel}","templated":true}]}}