{"id":1021,"date":"2012-04-06T18:46:02","date_gmt":"2012-04-06T18:46:02","guid":{"rendered":"http:\/\/rt.boullier.fr\/?p=1021"},"modified":"2012-04-06T18:46:02","modified_gmt":"2012-04-06T18:46:02","slug":"art1021","status":"publish","type":"post","link":"https:\/\/archives.rencontrestsiganes.org\/index.php\/2012\/04\/06\/art1021\/","title":{"rendered":"L&rsquo;alliance des villes europ\u00e9ennes et les Roms"},"content":{"rendered":"<p style=\"text-align: center;\"><strong>Rroms\u00a0: <\/strong><strong>L&rsquo;Alliance des villes europ\u00e9ennes bient\u00f4t op\u00e9rationnelle<\/strong><\/p>\n<p>25 mars 2012<\/p>\n<p>R\u00e9seau d&rsquo;\u00e9change de pratiques et de solidarit\u00e9, l&rsquo;Alliance des villes pour l&rsquo;inclusion des Rroms et gens du voyage, sera op\u00e9rationnelle \u00e0 l&rsquo;automne prochain. Volontariste le Congr\u00e8s des pouvoirs locaux du Conseil de l&rsquo;Europe s&rsquo;est, le 22 mars dernier, pench\u00e9 sur cette\u00a0initiative n\u00e9e du Sommet des maires de Strasbourg. Au cours des d\u00e9bats a \u00e9t\u00e9 rappel\u00e9 que des alliances de ce type existent d\u00e9j\u00e0 depuis au moins 1995<br \/>\nLe volontarisme du Conseil de l&rsquo;Europe en faveur de la cr\u00e9ation d&rsquo;une alliance des villes pour l&rsquo;inclusion des Rroms et des gens du voyage n&rsquo;a pas \u00e9t\u00e9 entam\u00e9 par l&rsquo;\u00e9vocation des difficult\u00e9s. Sans, s&rsquo;y opposer formellement, la majorit\u00e9 des collectivit\u00e9s locales n&rsquo;affichent aucun enthousiasme et les Etats ne soutiennent pas toujours les initiatives. Une minorit\u00e9 des int\u00e9ress\u00e9s seulement peut b\u00e9n\u00e9ficier des programmes d&rsquo;insertion d\u00e9j\u00e0 engag\u00e9s. Depuis au moins 1995, existent d\u00e9j\u00e0 de semblables r\u00e9seaux dispers\u00e9s dans les 47 pays. Mais les initiateurs de la d\u00e9marche ne se laissent pas d\u00e9courager.<\/p>\n<p><strong>Des arguments financiers all\u00e9chants<\/strong><\/p>\n<p>Ils ne manquent pas d&rsquo;arguments. La participation \u00e0 l&rsquo;alliance facilitera l&rsquo;acc\u00e8s aux aides financi\u00e8res de l&rsquo;Union Europ\u00e9enne. Kenneth Davey, membre de la fondation Open society pr\u00e9sid\u00e9e par Georges Soros impliqu\u00e9e dans plusieurs programmes en faveur des rroms a affich\u00e9 une ferme volont\u00e9 de collaborer avec la future Alliance.<\/p>\n<p><strong>De solides exp\u00e9riences<\/strong><\/p>\n<p>Dusica Davidovic, conseill\u00e8re municipale de Nis, seconde ville de Serbie a fait \u00e9tat de l&rsquo;exp\u00e9rience de sa commune qui depuis 2005 en r\u00e9gularisant les habitats des familles rroms dans le cadre du plan d&rsquo;urbanisme. En facilitant scolarisation, et en traduisant les documents administratifs en rromani,\u00a0la commune a enregistr\u00e9 de notables avanc\u00e9s dans les domaines de la sant\u00e9 et de l&#8217;emploi. Fort de dix ans de collaboration avec les Gypsi travellers de sa ville de Salford,\u00a0John Warmisham, (Royaume Uni), rapporteur du Congr\u00e8s sur la th\u00e9matique rrom, pr\u00e9senta avec vigueur la d\u00e9marche destin\u00e9e \u00e0 faire boule de neige. Apr\u00e8s deux r\u00e9unions pr\u00e9paratoires les 9 d\u00e9cembre et 22 f\u00e9vrier dernier, le groupe de travail entre dans la derni\u00e8re ligne droite de la phase pr\u00e9paratoire. \u00ab\u00a0Nous travaillons maintenant sur les outils de communication \u00e0 distance afin de pouvoir collaborer au quotidien sans forc\u00e9ment devoir organiser des r\u00e9unions\u00a0\u00bb, confie John Warmisham aux D\u00e9p\u00eaches tsiganes. Il compte sur un lancement officiel de l&rsquo;Alliance \u00e0 l&rsquo;automne prochain.<\/p>\n<p>Ne manquez pas les Interviews exclusives de John Warmisham, et de Nawel Rafik-Elmrini, adjointe au maire de Strasbourg dans nos prochaines Alertes infos tsiganes.<\/p>\n","protected":false},"excerpt":{"rendered":"<p> A l&rsquo;image des initiatives prises en soutien aux Roms dans quelques r\u00e9gions comme en Provence-Alpes-C\u00f4te-d&rsquo;Azur,   Il convient de saluer cette nouvelle initiative int\u00e9ressante du Conseil  de l&rsquo;Europe sur laquelle on pourra s&rsquo;appuyer.<\/p>\n","protected":false},"author":1,"featured_media":0,"comment_status":"closed","ping_status":"closed","sticky":false,"template":"","format":"standard","meta":{"footnotes":""},"categories":[7,8],"tags":[58],"class_list":["post-1021","post","type-post","status-publish","format-standard","hentry","category-diaspora","category-discriminations-racisme","tag-europe"],"_links":{"self":[{"href":"https:\/\/archives.rencontrestsiganes.org\/index.php\/wp-json\/wp\/v2\/posts\/1021","targetHints":{"allow":["GET"]}}],"collection":[{"href":"https:\/\/archives.rencontrestsiganes.org\/index.php\/wp-json\/wp\/v2\/posts"}],"about":[{"href":"https:\/\/archives.rencontrestsiganes.org\/index.php\/wp-json\/wp\/v2\/types\/post"}],"author":[{"embeddable":true,"href":"https:\/\/archives.rencontrestsiganes.org\/index.php\/wp-json\/wp\/v2\/users\/1"}],"replies":[{"embeddable":true,"href":"https:\/\/archives.rencontrestsiganes.org\/index.php\/wp-json\/wp\/v2\/comments?post=1021"}],"version-history":[{"count":0,"href":"https:\/\/archives.rencontrestsiganes.org\/index.php\/wp-json\/wp\/v2\/posts\/1021\/revisions"}],"wp:attachment":[{"href":"https:\/\/archives.rencontrestsiganes.org\/index.php\/wp-json\/wp\/v2\/media?parent=1021"}],"wp:term":[{"taxonomy":"category","embeddable":true,"href":"https:\/\/archives.rencontrestsiganes.org\/index.php\/wp-json\/wp\/v2\/categories?post=1021"},{"taxonomy":"post_tag","embeddable":true,"href":"https:\/\/archives.rencontrestsiganes.org\/index.php\/wp-json\/wp\/v2\/tags?post=1021"}],"curies":[{"name":"wp","href":"https:\/\/api.w.org\/{rel}","templated":true}]}}