{"id":1013,"date":"2012-03-12T18:52:09","date_gmt":"2012-03-12T17:52:09","guid":{"rendered":"http:\/\/rt.boullier.fr\/?p=1013"},"modified":"2012-03-12T18:52:09","modified_gmt":"2012-03-12T17:52:09","slug":"art1013","status":"publish","type":"post","link":"https:\/\/archives.rencontrestsiganes.org\/index.php\/2012\/03\/12\/art1013\/","title":{"rendered":"Pas de tr\u00e8ve hivernale pour les Roms \u00e0 Marseille  comme \u00e0 Aix"},"content":{"rendered":"<h3 class=\"spip\">&nbsp;<br \/>Pas de \u00ab&nbsp;tr\u00eave hivernale&nbsp;\u00bb pour les Roms \u00e0 Marseille. <br \/><\/h3>\n<p>De nombreuses proc\u00e9dures judiciaires sont en cours&nbsp;: demande d&rsquo;expulsions de terrains (Capelette, Haribo, Bd Guigou, Ch\u00e2teau Gombert)&nbsp;; de nombreuses OQTF (une trentaine) ont \u00e9t\u00e9 remises sur diff\u00e9rents sites, motiv\u00e9es pour la plupart par l&rsquo;abus du droit aux courts s\u00e9jours&#8230; Cette notion d&rsquo;abus de droit a \u00e9t\u00e9 introduite dans la derni\u00e8re loi Besson sur l&rsquo;immigration.<\/p>\n<p>Les familles (environ 70 personnes) qui \u00e9taient \u00e0 l&rsquo;\u00e9glise Saint Martin sont \u00e0 pr\u00e9sent install\u00e9es \u00e0 Saint Pierre dans une grande maison propri\u00e9t\u00e9 de l&rsquo;Archev\u00e9ch\u00e9. C&rsquo;est l&rsquo;Ampil qui g\u00e8re le lieu. Environ 1000 Roms sont encore sur Marseille. Beaucoup, suite aux expulsions, sont all\u00e9s sur d&rsquo;autres villes du d\u00e9partement&nbsp;: Aix, Marseille.<br \/>Le pr\u00e9fet \u00e0 l&rsquo;\u00e9galit\u00e9 des chances a \u00e9t\u00e9 charg\u00e9 d&rsquo;une \u00ab&nbsp;mission Roms&nbsp;\u00bb. Nous attendons de voir quelles seront ses propositions. Mais nous ne nous faisons gu\u00e8re d&rsquo;illusions&#8230;<\/p>\n<p>L&rsquo;arriv\u00e9e des quelques familles dans l&rsquo;immeuble ouvert par l&rsquo;Ev\u00each\u00e9 a suscit\u00e9&nbsp;comme d\u00a0\u00bbhabitude h\u00e9las des propos et des&nbsp;comportement&nbsp;difficilement&nbsp;acceptable . Mais&nbsp;lettre diffus\u00e9e dans le voisinage par les \u00e9lus locaux&nbsp;a soulev\u00e9 l&rsquo;indignation de tous les militants et&nbsp;bien au-del\u00e0. <\/p>\n","protected":false},"excerpt":{"rendered":"<p>  C&rsquo;est presque quotidiennement que l&rsquo;on doit intervenir  pour venir en aide aux familles  et tenter de trouver des solutions \u00e0 leur d\u00e9tresse. Les discours de uns ou des autres  n&rsquo;arr\u00eate pas la m\u00e9canisme qui  rejette et broie  des hommes, de femmes, des enfants &#8230;.    <\/p>\n","protected":false},"author":1,"featured_media":0,"comment_status":"closed","ping_status":"closed","sticky":false,"template":"","format":"standard","meta":{"footnotes":""},"categories":[14,18],"tags":[60],"class_list":["post-1013","post","type-post","status-publish","format-standard","hentry","category-habitat-subi","category-migrants-roms","tag-expulsions"],"_links":{"self":[{"href":"https:\/\/archives.rencontrestsiganes.org\/index.php\/wp-json\/wp\/v2\/posts\/1013","targetHints":{"allow":["GET"]}}],"collection":[{"href":"https:\/\/archives.rencontrestsiganes.org\/index.php\/wp-json\/wp\/v2\/posts"}],"about":[{"href":"https:\/\/archives.rencontrestsiganes.org\/index.php\/wp-json\/wp\/v2\/types\/post"}],"author":[{"embeddable":true,"href":"https:\/\/archives.rencontrestsiganes.org\/index.php\/wp-json\/wp\/v2\/users\/1"}],"replies":[{"embeddable":true,"href":"https:\/\/archives.rencontrestsiganes.org\/index.php\/wp-json\/wp\/v2\/comments?post=1013"}],"version-history":[{"count":0,"href":"https:\/\/archives.rencontrestsiganes.org\/index.php\/wp-json\/wp\/v2\/posts\/1013\/revisions"}],"wp:attachment":[{"href":"https:\/\/archives.rencontrestsiganes.org\/index.php\/wp-json\/wp\/v2\/media?parent=1013"}],"wp:term":[{"taxonomy":"category","embeddable":true,"href":"https:\/\/archives.rencontrestsiganes.org\/index.php\/wp-json\/wp\/v2\/categories?post=1013"},{"taxonomy":"post_tag","embeddable":true,"href":"https:\/\/archives.rencontrestsiganes.org\/index.php\/wp-json\/wp\/v2\/tags?post=1013"}],"curies":[{"name":"wp","href":"https:\/\/api.w.org\/{rel}","templated":true}]}}